{"id":23573,"date":"2025-02-10T15:17:39","date_gmt":"2025-02-10T15:17:39","guid":{"rendered":"https:\/\/www.novotek.com\/ch\/?p=23573"},"modified":"2026-03-09T14:43:28","modified_gmt":"2026-03-09T14:43:28","slug":"proficy-2025-webinare","status":"publish","type":"post","link":"https:\/\/www.novotek.com\/ch\/fr\/news\/proficy-2025-webinare\/","title":{"rendered":"Proficy 2025 &#8211; Webinare"},"content":{"rendered":"<div class=\"container-md paragraph  \">\n<p>Curieux de conna\u00eetre les derniers d\u00e9veloppements de la suite logicielle Proficy ? Dans la s\u00e9rie de webinaires \u00e0 venir, GE Vernova vous pr\u00e9sentera des aper\u00e7us passionnants des mises \u00e0 jour de Proficy 2025. D\u00e9couvrez les nouveaut\u00e9s directement aupr\u00e8s des chefs de produit &#8211; et posez vos questions en direct !  <\/p>\n<\/div><div class=\"container-md image  \">\n<figure class=\"wp-block-image size-large\"><img loading=\"lazy\" decoding=\"async\" width=\"1024\" height=\"427\" src=\"https:\/\/www.novotek.com\/ch\/wp-content\/uploads\/sites\/3\/\/GE-Vernova-webinar-Proficy2025-1536x640-1-1024x427.jpg\" alt=\"\" class=\"wp-image-23575\" srcset=\"https:\/\/www.novotek.com\/ch\/wp-content\/uploads\/sites\/3\/GE-Vernova-webinar-Proficy2025-1536x640-1-1024x427.jpg 1024w, https:\/\/www.novotek.com\/ch\/wp-content\/uploads\/sites\/3\/GE-Vernova-webinar-Proficy2025-1536x640-1-300x125.jpg 300w, https:\/\/www.novotek.com\/ch\/wp-content\/uploads\/sites\/3\/GE-Vernova-webinar-Proficy2025-1536x640-1-768x320.jpg 768w, https:\/\/www.novotek.com\/ch\/wp-content\/uploads\/sites\/3\/GE-Vernova-webinar-Proficy2025-1536x640-1-86x36.jpg 86w, https:\/\/www.novotek.com\/ch\/wp-content\/uploads\/sites\/3\/GE-Vernova-webinar-Proficy2025-1536x640-1-306x128.jpg 306w, https:\/\/www.novotek.com\/ch\/wp-content\/uploads\/sites\/3\/GE-Vernova-webinar-Proficy2025-1536x640-1-636x265.jpg 636w, https:\/\/www.novotek.com\/ch\/wp-content\/uploads\/sites\/3\/GE-Vernova-webinar-Proficy2025-1536x640-1.jpg 1536w\" sizes=\"auto, (max-width: 1024px) 100vw, 1024px\" \/><\/figure>\n<\/div><div class=\"container-md spacer  \">\n<div style=\"height:100px\" aria-hidden=\"true\" class=\"wp-block-spacer\"><\/div>\n<\/div><div class=\"container-md paragraph  \">\n<p>Les webinaires s&#8217;adressent aussi bien aux utilisateurs du logiciel Proficy qu&#8217;\u00e0 ceux qui envisagent de l&#8217;impl\u00e9menter.<\/p>\n<\/div><div class=\"container-md list  \">\n<ul class=\"wp-block-list\"><div class=\"container-md list-item  \">\n<li><strong>12 f\u00e9vrier | <\/strong>Proficy 2025: Portfolio Insider Preview<\/li>\n<\/div>\n\n<div class=\"container-md list-item  \">\n<li><strong>20 f\u00e9vrier |<\/strong> Proficy Smart Factory MES 2025<\/li>\n<\/div>\n\n<div class=\"container-md list-item  \">\n<li><strong>13 mars | <\/strong>Proficy Historian 2025: Hybrid Data Management at Scale<\/li>\n<\/div>\n\n<div class=\"container-md list-item  \">\n<li><strong>27 mars |<\/strong> What\u2019s new in Proficy SCADA?<\/li>\n<\/div>\n\n<div class=\"container-md list-item  \">\n<li><strong>24 avril| <\/strong>ROB-EX Scheduler: What\u2019s new in v7.6? <\/li>\n<\/div>\n\n<div class=\"container-md list-item  \">\n<li><strong>22 mai |<\/strong> Proficy Operations Hub 2025: Enable the Connected Worker with contextual &amp; composable OT visualization<\/li>\n<\/div>\n\n<div class=\"container-md list-item  \">\n<li><strong>17 juillet |<\/strong> Proficy CSense Update: Comprehensive AI\/ML enabled Cloud-Based or On-Prem Industrial Analytics<\/li>\n<\/div>\n\n<div class=\"container-md list-item  \">\n<li><strong>21 ao\u00fbt |<\/strong> Enhancing Efficiency in High-Speed Assembly Manufacturing: The Power of CIMPLICITY Tracker<\/li>\n<\/div>\n\n<div class=\"container-md list-item  \">\n<li><strong>11 septembre |<\/strong> Revolutionizing SCADA Management: Introducing Proficy Active Update with CIMPLICITY<\/li>\n<\/div>\n\n<div class=\"container-md list-item  \">\n<li><strong>25 septembre |<\/strong> Revolutionizing SCADA Management: The Modernization of iFIX<\/li>\n<\/div><\/ul>\n<\/div><div class=\"container-md spacer  \">\n<div style=\"height:30px\" aria-hidden=\"true\" class=\"wp-block-spacer\"><\/div>\n<\/div><div class=\"container-md buttons  \">\n<div class=\"wp-block-buttons is-layout-flex wp-block-buttons-is-layout-flex\"><div class=\"container-md button  \">\n<div class=\"wp-block-button\"><a class=\"wp-block-button__link has-white-color has-text-color has-link-color wp-element-button\" href=\"https:\/\/www.gevernova.com\/software\/unified-proficy-2025-releases-webinar-series\" target=\"_blank\" rel=\"noreferrer noopener\">Inscrivez-vous ici !<\/a><\/div>\n<\/div><\/div>\n<\/div><div class=\"container-md spacer  \">\n<div style=\"height:50px\" aria-hidden=\"true\" class=\"wp-block-spacer\"><\/div>\n<\/div><div class=\"container-md separator  \">\n<hr class=\"wp-block-separator has-alpha-channel-opacity\" \/>\n<\/div><div class=\"container-md spacer  \">\n<div style=\"height:30px\" aria-hidden=\"true\" class=\"wp-block-spacer\"><\/div>\n<\/div><div class=\"container-md group  \">\n<div class=\"wp-block-group\"><div class=\"wp-block-group__inner-container is-layout-constrained wp-block-group-is-layout-constrained\"><div class=\"container-md image  \">\n<figure class=\"wp-block-image size-large\"><img loading=\"lazy\" decoding=\"async\" width=\"1024\" height=\"536\" src=\"https:\/\/www.novotek.com\/ch\/wp-content\/uploads\/sites\/3\/\/Portfolio-insider-2025-1024x536.jpg\" alt=\"\" class=\"wp-image-23579\" srcset=\"https:\/\/www.novotek.com\/ch\/wp-content\/uploads\/sites\/3\/Portfolio-insider-2025-1024x536.jpg 1024w, https:\/\/www.novotek.com\/ch\/wp-content\/uploads\/sites\/3\/Portfolio-insider-2025-300x157.jpg 300w, https:\/\/www.novotek.com\/ch\/wp-content\/uploads\/sites\/3\/Portfolio-insider-2025-768x402.jpg 768w, https:\/\/www.novotek.com\/ch\/wp-content\/uploads\/sites\/3\/Portfolio-insider-2025-86x45.jpg 86w, https:\/\/www.novotek.com\/ch\/wp-content\/uploads\/sites\/3\/Portfolio-insider-2025-306x160.jpg 306w, https:\/\/www.novotek.com\/ch\/wp-content\/uploads\/sites\/3\/Portfolio-insider-2025-636x333.jpg 636w, https:\/\/www.novotek.com\/ch\/wp-content\/uploads\/sites\/3\/Portfolio-insider-2025.jpg 1200w\" sizes=\"auto, (max-width: 1024px) 100vw, 1024px\" \/><\/figure>\n<\/div>\n\n<div class=\"container-md heading  \">\n<h2 class=\"wp-block-heading\">Proficy 2025: Portfolio Insider Preview<\/h2>\n<\/div>\n\n<div class=\"container-md paragraph  \">\n<p>Obtenez un aper\u00e7u pr\u00e9cieux des derni\u00e8res fonctionnalit\u00e9s et mises \u00e0 jour de la suite logicielle Proficy 2025. Profitez de l&#8217;occasion pour parler directement avec les chefs de produit de GE Vernova et apprendre de premi\u00e8re main comment les derni\u00e8res am\u00e9liorations du produit peuvent optimiser vos m\u00e9thodes de travail. <\/p>\n<\/div>\n\n<div class=\"container-md paragraph  \">\n<p><em>Date du webinaire: <\/em><strong>12 f\u00e9vrier 2025<\/strong><\/p>\n<\/div>\n\n<div class=\"container-md spacer  \">\n<div style=\"height:30px\" aria-hidden=\"true\" class=\"wp-block-spacer\"><\/div>\n<\/div>\n\n<div class=\"container-md buttons  \">\n<div class=\"wp-block-buttons is-layout-flex wp-block-buttons-is-layout-flex\"><div class=\"container-md button  \">\n<div class=\"wp-block-button\"><a class=\"wp-block-button__link has-white-color has-text-color has-link-color wp-element-button\" href=\"https:\/\/www.gevernova.com\/software\/unified-proficy-2025-releases-webinar-series\" target=\"_blank\" rel=\"noreferrer noopener\">Inscrivez-vous ici pour le webinaire<\/a><\/div>\n<\/div><\/div>\n<\/div>\n\n<div class=\"container-md spacer  \">\n<div style=\"height:50px\" aria-hidden=\"true\" class=\"wp-block-spacer\"><\/div>\n<\/div>\n\n<div class=\"container-md separator  \">\n<hr class=\"wp-block-separator has-alpha-channel-opacity\" \/>\n<\/div>\n\n<div class=\"container-md spacer  \">\n<div style=\"height:30px\" aria-hidden=\"true\" class=\"wp-block-spacer\"><\/div>\n<\/div><\/div>\n<\/div><\/div><div class=\"container-md group  \">\n<div class=\"wp-block-group\"><div class=\"wp-block-group__inner-container is-layout-constrained wp-block-group-is-layout-constrained\"><div class=\"container-md image  \">\n<figure class=\"wp-block-image size-full\"><img loading=\"lazy\" decoding=\"async\" width=\"725\" height=\"339\" src=\"https:\/\/www.novotek.com\/ch\/wp-content\/uploads\/sites\/3\/Proficy-Smart-Factory.png\" alt=\"\" class=\"wp-image-23586\" srcset=\"https:\/\/www.novotek.com\/ch\/wp-content\/uploads\/sites\/3\/Proficy-Smart-Factory.png 725w, https:\/\/www.novotek.com\/ch\/wp-content\/uploads\/sites\/3\/Proficy-Smart-Factory-300x140.png 300w, https:\/\/www.novotek.com\/ch\/wp-content\/uploads\/sites\/3\/Proficy-Smart-Factory-86x40.png 86w, https:\/\/www.novotek.com\/ch\/wp-content\/uploads\/sites\/3\/Proficy-Smart-Factory-306x143.png 306w, https:\/\/www.novotek.com\/ch\/wp-content\/uploads\/sites\/3\/Proficy-Smart-Factory-636x297.png 636w\" sizes=\"auto, (max-width: 725px) 100vw, 725px\" \/><\/figure>\n<\/div>\n\n<div class=\"container-md heading  \">\n<h2 class=\"wp-block-heading\">Proficy Smart Factory MES 2025<\/h2>\n<\/div>\n\n<div class=\"container-md paragraph  \">\n<p><a href=\"https:\/\/www.novotek.com\/ch\/fr\/smart-factory-mes\/\"><strong>Proficy Smart Factory,<\/strong><\/a> l&#8217;une des principales solutions MES du secteur, offre \u00e0 ses utilisateurs de nombreuses am\u00e9liorations en 2025, notamment :<\/p>\n<\/div>\n\n<div class=\"container-md list  \">\n<ul class=\"wp-block-list\"><div class=\"container-md list-item  \">\n<li>Un nouveau widget de temps d&#8217;arr\u00eat et des &#8220;listes de choses \u00e0 faire&#8221; dans le Hub des op\u00e9rations.<\/li>\n<\/div>\n\n<div class=\"container-md list-item  \">\n<li>Acc\u00e8s en lecture seule aux donn\u00e9es de processus Plant Applications via un nouveau connecteur GraphQL et un client Operations Hub pour cr\u00e9er facilement des vues personnalis\u00e9es.<\/li>\n<\/div>\n\n<div class=\"container-md list-item  \">\n<li>Nouvelles fonctionnalit\u00e9s pour la fabrication discr\u00e8te, notamment les <em>Engineering Change Orders <\/em>pour les modifications approuv\u00e9es, une meilleure tra\u00e7abilit\u00e9 et bien plus encore.<\/li>\n<\/div>\n\n<div class=\"container-md list-item  \">\n<li>Un nouveau syst\u00e8me de gestion de documents pour le stockage et la r\u00e9cup\u00e9ration de documents, en mettant l&#8217;accent sur des interfaces utilisateur discr\u00e8tes.<\/li>\n<\/div>\n\n<div class=\"container-md list-item  \">\n<li>Nouvelles fonctions SaaS.<\/li>\n<\/div><\/ul>\n<\/div>\n\n<div class=\"container-md spacer  \">\n<div style=\"height:30px\" aria-hidden=\"true\" class=\"wp-block-spacer\"><\/div>\n<\/div>\n\n<div class=\"container-md paragraph  \">\n<p><em>Date du webinaire : <\/em><strong>20 f\u00e9vrier 2025<\/strong><\/p>\n<\/div>\n\n<div class=\"container-md spacer  \">\n<div style=\"height:50px\" aria-hidden=\"true\" class=\"wp-block-spacer\"><\/div>\n<\/div>\n\n<div class=\"container-md buttons  \">\n<div class=\"wp-block-buttons is-layout-flex wp-block-buttons-is-layout-flex\"><div class=\"container-md button  \">\n<div class=\"wp-block-button\"><a class=\"wp-block-button__link has-white-color has-text-color has-link-color wp-element-button\" href=\"https:\/\/www.gevernova.com\/software\/unified-proficy-2025-releases-webinar-series\" target=\"_blank\" rel=\"noreferrer noopener\">Inscrivez-vous ici pour le webinaire<\/a><\/div>\n<\/div><\/div>\n<\/div>\n\n<div class=\"container-md spacer  \">\n<div style=\"height:50px\" aria-hidden=\"true\" class=\"wp-block-spacer\"><\/div>\n<\/div>\n\n<div class=\"container-md separator  \">\n<hr class=\"wp-block-separator has-alpha-channel-opacity\" \/>\n<\/div>\n\n<div class=\"container-md spacer  \">\n<div style=\"height:30px\" aria-hidden=\"true\" class=\"wp-block-spacer\"><\/div>\n<\/div><\/div>\n<\/div><\/div><div class=\"container-md group  \">\n<div class=\"wp-block-group\"><div class=\"wp-block-group__inner-container is-layout-constrained wp-block-group-is-layout-constrained\"><div class=\"container-md image  \">\n<figure class=\"wp-block-image size-full\"><img loading=\"lazy\" decoding=\"async\" width=\"705\" height=\"328\" src=\"https:\/\/www.novotek.com\/ch\/wp-content\/uploads\/sites\/3\/Proficy-Historian-2025.png\" alt=\"\" class=\"wp-image-23593\" srcset=\"https:\/\/www.novotek.com\/ch\/wp-content\/uploads\/sites\/3\/Proficy-Historian-2025.png 705w, https:\/\/www.novotek.com\/ch\/wp-content\/uploads\/sites\/3\/Proficy-Historian-2025-300x140.png 300w, https:\/\/www.novotek.com\/ch\/wp-content\/uploads\/sites\/3\/Proficy-Historian-2025-86x40.png 86w, https:\/\/www.novotek.com\/ch\/wp-content\/uploads\/sites\/3\/Proficy-Historian-2025-306x142.png 306w, https:\/\/www.novotek.com\/ch\/wp-content\/uploads\/sites\/3\/Proficy-Historian-2025-636x296.png 636w\" sizes=\"auto, (max-width: 705px) 100vw, 705px\" \/><\/figure>\n<\/div>\n\n<div class=\"container-md heading  \">\n<h2 class=\"wp-block-heading\">Proficy Historian 2025: Hybrid Data Management at Scale<\/h2>\n<\/div>\n\n<div class=\"container-md paragraph  \">\n<p>Vous souhaitez utiliser des donn\u00e9es localement et dans le cloud ? Gr\u00e2ce \u00e0 l&#8217;ex\u00e9cution sur des plates-formes Windows et cloud, vous pouvez saisir les donn\u00e9es de mani\u00e8re efficace et obtenir des informations pr\u00e9cieuses sur vos processus commerciaux. <\/p>\n<\/div>\n\n<div class=\"container-md paragraph  \">\n<p>Proficy Historian 2025 pour Cloud et Windows offre de nombreuses nouveaut\u00e9s, notamment l&#8217;\u00e9volutivit\u00e9 dans le Cloud, des fonctionnalit\u00e9s SaaS avanc\u00e9es, un producteur et un consommateur de kafka, ainsi qu&#8217;une s\u00e9curit\u00e9 et une facilit\u00e9 d&#8217;utilisation am\u00e9lior\u00e9es.<\/p>\n<\/div>\n\n<div class=\"container-md spacer  \">\n<div style=\"height:30px\" aria-hidden=\"true\" class=\"wp-block-spacer\"><\/div>\n<\/div>\n\n<div class=\"container-md paragraph  \">\n<p><em>Date du webinaire : <\/em><strong>13 mars<\/strong> <strong>2025<\/strong><\/p>\n<\/div>\n\n<div class=\"container-md spacer  \">\n<div style=\"height:50px\" aria-hidden=\"true\" class=\"wp-block-spacer\"><\/div>\n<\/div>\n\n<div class=\"container-md buttons  \">\n<div class=\"wp-block-buttons is-layout-flex wp-block-buttons-is-layout-flex\"><div class=\"container-md button  \">\n<div class=\"wp-block-button\"><a class=\"wp-block-button__link has-white-color has-text-color has-link-color wp-element-button\" href=\"https:\/\/www.gevernova.com\/software\/unified-proficy-2025-releases-webinar-series\" target=\"_blank\" rel=\"noreferrer noopener\">Inscrivez-vous ici pour le webinaire<\/a><\/div>\n<\/div><\/div>\n<\/div>\n\n<div class=\"container-md spacer  \">\n<div style=\"height:50px\" aria-hidden=\"true\" class=\"wp-block-spacer\"><\/div>\n<\/div>\n\n<div class=\"container-md separator  \">\n<hr class=\"wp-block-separator has-alpha-channel-opacity\" \/>\n<\/div>\n\n<div class=\"container-md spacer  \">\n<div style=\"height:30px\" aria-hidden=\"true\" class=\"wp-block-spacer\"><\/div>\n<\/div><\/div>\n<\/div><\/div><div class=\"container-md group  \">\n<div class=\"wp-block-group\"><div class=\"wp-block-group__inner-container is-layout-constrained wp-block-group-is-layout-constrained\"><div class=\"container-md image  \">\n<figure class=\"wp-block-image size-full\"><img loading=\"lazy\" decoding=\"async\" width=\"1024\" height=\"476\" src=\"https:\/\/www.novotek.com\/ch\/wp-content\/uploads\/sites\/3\/GEV-SCADA-News.jpg\" alt=\"\" class=\"wp-image-23599\" srcset=\"https:\/\/www.novotek.com\/ch\/wp-content\/uploads\/sites\/3\/GEV-SCADA-News.jpg 1024w, https:\/\/www.novotek.com\/ch\/wp-content\/uploads\/sites\/3\/GEV-SCADA-News-300x139.jpg 300w, https:\/\/www.novotek.com\/ch\/wp-content\/uploads\/sites\/3\/GEV-SCADA-News-768x357.jpg 768w, https:\/\/www.novotek.com\/ch\/wp-content\/uploads\/sites\/3\/GEV-SCADA-News-86x40.jpg 86w, https:\/\/www.novotek.com\/ch\/wp-content\/uploads\/sites\/3\/GEV-SCADA-News-306x142.jpg 306w, https:\/\/www.novotek.com\/ch\/wp-content\/uploads\/sites\/3\/GEV-SCADA-News-636x296.jpg 636w\" sizes=\"auto, (max-width: 1024px) 100vw, 1024px\" \/><\/figure>\n<\/div>\n\n<div class=\"container-md heading  \">\n<h2 class=\"wp-block-heading\">What\u2019s new in Proficy SCADA?<\/h2>\n<\/div>\n\n<div class=\"container-md paragraph  \">\n<p>Obtenez un aper\u00e7u passionnant des derniers investissements dans les produits SCADA de GE Vernova :<\/p>\n<\/div>\n\n<div class=\"container-md list  \">\n<ul class=\"wp-block-list\"><div class=\"container-md list-item  \">\n<li><strong><a href=\"https:\/\/www.novotek.com\/ch\/fr\/hmi-scada\/proficy-ifix\/\">iFIX 2024<\/a><\/strong> \u2013 La version la plus robuste et la plus performante \u00e0 ce jour gr\u00e2ce \u00e0 des am\u00e9liorations compl\u00e8tes.<\/li>\n<\/div>\n\n<div class=\"container-md list-item  \">\n<li><strong><a href=\"https:\/\/www.novotek.com\/ch\/fr\/hmi-scada\/proficy-cimplicity\/\">CIMPLICITY 2024<\/a><\/strong> \u2013 \u00c9volutivit\u00e9 optimis\u00e9e pour la gestion des \u00e9v\u00e9nements et les mises \u00e0 jour de configuration, id\u00e9ale pour les SCADA d&#8217;entreprise.<\/li>\n<\/div>\n\n<div class=\"container-md list-item  \">\n<li><strong>Licence centralis\u00e9e<\/strong> &#8211; D\u00e9ploiement et gestion simplifi\u00e9s pour les deux produits SCADA.<\/li>\n<\/div><\/ul>\n<\/div>\n\n<div class=\"container-md paragraph  \">\n<p><em>Date du webinaire :<\/em><strong> 27 mars <\/strong><strong>2025<\/strong><\/p>\n<\/div>\n\n<div class=\"container-md spacer  \">\n<div style=\"height:50px\" aria-hidden=\"true\" class=\"wp-block-spacer\"><\/div>\n<\/div>\n\n<div class=\"container-md buttons  \">\n<div class=\"wp-block-buttons is-layout-flex wp-block-buttons-is-layout-flex\"><div class=\"container-md button  \">\n<div class=\"wp-block-button\"><a class=\"wp-block-button__link has-white-color has-text-color has-link-color wp-element-button\" href=\"https:\/\/www.gevernova.com\/software\/unified-proficy-2025-releases-webinar-series\" target=\"_blank\" rel=\"noreferrer noopener\">Inscrivez-vous ici pour le webinaire<\/a><\/div>\n<\/div><\/div>\n<\/div>\n\n<div class=\"container-md spacer  \">\n<div style=\"height:50px\" aria-hidden=\"true\" class=\"wp-block-spacer\"><\/div>\n<\/div>\n\n<div class=\"container-md separator  \">\n<hr class=\"wp-block-separator has-alpha-channel-opacity\" \/>\n<\/div>\n\n<div class=\"container-md spacer  \">\n<div style=\"height:30px\" aria-hidden=\"true\" class=\"wp-block-spacer\"><\/div>\n<\/div><\/div>\n<\/div><\/div><div class=\"container-md group  \">\n<div class=\"wp-block-group\"><div class=\"wp-block-group__inner-container is-layout-constrained wp-block-group-is-layout-constrained\"><div class=\"container-md image  \">\n<figure class=\"wp-block-image size-full\"><img loading=\"lazy\" decoding=\"async\" width=\"1024\" height=\"536\" src=\"https:\/\/www.novotek.com\/ch\/wp-content\/uploads\/sites\/3\/Proficy-ROB-EX-Scheduler-2025-1024x536-1.jpg\" alt=\"\" class=\"wp-image-23603\" srcset=\"https:\/\/www.novotek.com\/ch\/wp-content\/uploads\/sites\/3\/Proficy-ROB-EX-Scheduler-2025-1024x536-1.jpg 1024w, https:\/\/www.novotek.com\/ch\/wp-content\/uploads\/sites\/3\/Proficy-ROB-EX-Scheduler-2025-1024x536-1-300x157.jpg 300w, https:\/\/www.novotek.com\/ch\/wp-content\/uploads\/sites\/3\/Proficy-ROB-EX-Scheduler-2025-1024x536-1-768x402.jpg 768w, https:\/\/www.novotek.com\/ch\/wp-content\/uploads\/sites\/3\/Proficy-ROB-EX-Scheduler-2025-1024x536-1-86x45.jpg 86w, https:\/\/www.novotek.com\/ch\/wp-content\/uploads\/sites\/3\/Proficy-ROB-EX-Scheduler-2025-1024x536-1-306x160.jpg 306w, https:\/\/www.novotek.com\/ch\/wp-content\/uploads\/sites\/3\/Proficy-ROB-EX-Scheduler-2025-1024x536-1-636x333.jpg 636w\" sizes=\"auto, (max-width: 1024px) 100vw, 1024px\" \/><\/figure>\n<\/div>\n\n<div class=\"container-md heading  \">\n<h2 class=\"wp-block-heading\">Rob-EX Scheduler: What&#8217;s new in v7.6?<\/h2>\n<\/div>\n\n<div class=\"container-md paragraph  \">\n<p>ROB-EX Scheduler: Quoi de neuf dans la v7.6 ?<\/p>\n<\/div>\n\n<div class=\"container-md paragraph  \">\n<p>Optimisez votre planification des d\u00e9lais et de la production afin de rendre les processus plus efficaces et de respecter les d\u00e9lais de livraison. La derni\u00e8re version offre : <\/p>\n<\/div>\n\n<div class=\"container-md list  \">\n<ul class=\"wp-block-list\"><div class=\"container-md list-item  \">\n<li>Am\u00e9liorations du Web Planner, y compris la modification des donn\u00e9es de base<\/li>\n<\/div>\n\n<div class=\"container-md list-item  \">\n<li>Strat\u00e9gie de tri des goulots d&#8217;\u00e9tranglement<\/li>\n<\/div>\n\n<div class=\"container-md list-item  \">\n<li>Sequenzierung<\/li>\n<\/div>\n\n<div class=\"container-md list-item  \">\n<li>Planification des pi\u00e8ces<\/li>\n<\/div><\/ul>\n<\/div>\n\n<div class=\"container-md spacer  \">\n<div style=\"height:30px\" aria-hidden=\"true\" class=\"wp-block-spacer\"><\/div>\n<\/div>\n\n<div class=\"container-md paragraph  \">\n<p><em>Date du webinaire : <\/em><strong>24 avril <\/strong><strong>2025<\/strong><\/p>\n<\/div>\n\n<div class=\"container-md spacer  \">\n<div style=\"height:50px\" aria-hidden=\"true\" class=\"wp-block-spacer\"><\/div>\n<\/div>\n\n<div class=\"container-md buttons  \">\n<div class=\"wp-block-buttons is-layout-flex wp-block-buttons-is-layout-flex\"><div class=\"container-md button  \">\n<div class=\"wp-block-button\"><a class=\"wp-block-button__link has-white-color has-text-color has-link-color wp-element-button\" href=\"https:\/\/www.gevernova.com\/software\/unified-proficy-2025-releases-webinar-series\" target=\"_blank\" rel=\"noreferrer noopener\">Inscrivez-vous ici pour le webinaire<\/a><\/div>\n<\/div><\/div>\n<\/div>\n\n<div class=\"container-md spacer  \">\n<div style=\"height:50px\" aria-hidden=\"true\" class=\"wp-block-spacer\"><\/div>\n<\/div>\n\n<div class=\"container-md separator  \">\n<hr class=\"wp-block-separator has-alpha-channel-opacity\" \/>\n<\/div>\n\n<div class=\"container-md spacer  \">\n<div style=\"height:30px\" aria-hidden=\"true\" class=\"wp-block-spacer\"><\/div>\n<\/div><\/div>\n<\/div><\/div><div class=\"container-md group  \">\n<div class=\"wp-block-group\"><div class=\"wp-block-group__inner-container is-layout-constrained wp-block-group-is-layout-constrained\"><div class=\"container-md image  \">\n<figure class=\"wp-block-image size-full\"><img loading=\"lazy\" decoding=\"async\" width=\"728\" height=\"334\" src=\"https:\/\/www.novotek.com\/ch\/wp-content\/uploads\/sites\/3\/Proficy-Operations-Hub.png\" alt=\"\" class=\"wp-image-23607\" srcset=\"https:\/\/www.novotek.com\/ch\/wp-content\/uploads\/sites\/3\/Proficy-Operations-Hub.png 728w, https:\/\/www.novotek.com\/ch\/wp-content\/uploads\/sites\/3\/Proficy-Operations-Hub-300x138.png 300w, https:\/\/www.novotek.com\/ch\/wp-content\/uploads\/sites\/3\/Proficy-Operations-Hub-86x39.png 86w, https:\/\/www.novotek.com\/ch\/wp-content\/uploads\/sites\/3\/Proficy-Operations-Hub-306x140.png 306w, https:\/\/www.novotek.com\/ch\/wp-content\/uploads\/sites\/3\/Proficy-Operations-Hub-636x292.png 636w\" sizes=\"auto, (max-width: 728px) 100vw, 728px\" \/><\/figure>\n<\/div>\n\n<div class=\"container-md heading  \">\n<h2 class=\"wp-block-heading\">Centre d&#8217;op\u00e9rations Proficy 2025 : Permettre au travailleur connect\u00e9 de b\u00e9n\u00e9ficier d&#8217;une visualisation contextuelle et composable des op\u00e9rations<\/h2>\n<\/div>\n\n<div class=\"container-md paragraph  \">\n<p>Proficy Operations Hub aide vos \u00e9quipes \u00e0 am\u00e9liorer l&#8217;efficacit\u00e9 op\u00e9rationnelle et \u00e0 prendre des d\u00e9cisions \u00e9clair\u00e9es gr\u00e2ce \u00e0 des donn\u00e9es applicatives historiques et en temps r\u00e9el provenant de l&#8217;ensemble de votre \u00e9tablissement. En un seul endroit, les utilisateurs peuvent surveiller, contr\u00f4ler, saisir des donn\u00e9es et effectuer des analyses. <\/p>\n<\/div>\n\n<div class=\"container-md paragraph  \">\n<p>Les derni\u00e8res am\u00e9liorations comprennent<\/p>\n<\/div>\n\n<div class=\"container-md list  \">\n<ul class=\"wp-block-list\"><div class=\"container-md list-item  \">\n<li>R\u00e9duction des temps d&#8217;arr\u00eat co\u00fbteux gr\u00e2ce \u00e0 une prise en charge de la haute disponibilit\u00e9 et des mises \u00e0 jour sans interruption pour les d\u00e9ploiements cloud de Smart Factory.<\/li>\n<\/div>\n\n<div class=\"container-md list-item  \">\n<li>Possibilit\u00e9s de visualisation \u00e9tendues avec des fonctions de script flexibles et puissantes.<\/li>\n<\/div>\n\n<div class=\"container-md list-item  \">\n<li>Cr\u00e9ation plus rapide de vues gr\u00e2ce \u00e0 une s\u00e9lection intuitive des donn\u00e9es et \u00e0 une gestion optimis\u00e9e des donn\u00e9es de la page.<\/li>\n<\/div><\/ul>\n<\/div>\n\n<div class=\"container-md spacer  \">\n<div style=\"height:30px\" aria-hidden=\"true\" class=\"wp-block-spacer\"><\/div>\n<\/div>\n\n<div class=\"container-md paragraph  \">\n<p><em>Date du webinaire : <\/em><strong>22 mai <\/strong><strong>2025<\/strong><\/p>\n<\/div>\n\n<div class=\"container-md spacer  \">\n<div style=\"height:50px\" aria-hidden=\"true\" class=\"wp-block-spacer\"><\/div>\n<\/div>\n\n<div class=\"container-md buttons  \">\n<div class=\"wp-block-buttons is-layout-flex wp-block-buttons-is-layout-flex\"><div class=\"container-md button  \">\n<div class=\"wp-block-button\"><a class=\"wp-block-button__link has-white-color has-text-color has-link-color wp-element-button\" href=\"https:\/\/www.gevernova.com\/software\/unified-proficy-2025-releases-webinar-series\" target=\"_blank\" rel=\"noreferrer noopener\">Inscrivez-vous ici pour le webinaire<\/a><\/div>\n<\/div><\/div>\n<\/div>\n\n<div class=\"container-md spacer  \">\n<div style=\"height:50px\" aria-hidden=\"true\" class=\"wp-block-spacer\"><\/div>\n<\/div>\n\n<div class=\"container-md separator  \">\n<hr class=\"wp-block-separator has-alpha-channel-opacity\" \/>\n<\/div>\n\n<div class=\"container-md spacer  \">\n<div style=\"height:30px\" aria-hidden=\"true\" class=\"wp-block-spacer\"><\/div>\n<\/div><\/div>\n<\/div><\/div><div class=\"container-md group  \">\n<div class=\"wp-block-group\"><div class=\"wp-block-group__inner-container is-layout-constrained wp-block-group-is-layout-constrained\"><div class=\"container-md image  \">\n<figure class=\"wp-block-image size-full\"><img loading=\"lazy\" decoding=\"async\" width=\"728\" height=\"336\" src=\"https:\/\/www.novotek.com\/ch\/wp-content\/uploads\/sites\/3\/Proficy-CSense-2025.png\" alt=\"\" class=\"wp-image-23611\" srcset=\"https:\/\/www.novotek.com\/ch\/wp-content\/uploads\/sites\/3\/Proficy-CSense-2025.png 728w, https:\/\/www.novotek.com\/ch\/wp-content\/uploads\/sites\/3\/Proficy-CSense-2025-300x138.png 300w, https:\/\/www.novotek.com\/ch\/wp-content\/uploads\/sites\/3\/Proficy-CSense-2025-86x40.png 86w, https:\/\/www.novotek.com\/ch\/wp-content\/uploads\/sites\/3\/Proficy-CSense-2025-306x141.png 306w, https:\/\/www.novotek.com\/ch\/wp-content\/uploads\/sites\/3\/Proficy-CSense-2025-636x294.png 636w\" sizes=\"auto, (max-width: 728px) 100vw, 728px\" \/><\/figure>\n<\/div>\n\n<div class=\"container-md heading  \">\n<h2 class=\"wp-block-heading\">Proficy CSense Update: Comprehensive AI\/ML enabled Cloud-Based or On-Prem Industrial Analytics<\/h2>\n<\/div>\n\n<div class=\"container-md paragraph  \">\n<p>Proficy Operations Hub augmente l&#8217;efficacit\u00e9 op\u00e9rationnelle en rendant les donn\u00e9es d&#8217;application en temps r\u00e9el et historiques disponibles de mani\u00e8re centralis\u00e9e. Les utilisateurs peuvent surveiller, contr\u00f4ler, saisir des donn\u00e9es et effectuer des analyses. <\/p>\n<\/div>\n\n<div class=\"container-md paragraph  \">\n<p>Les derni\u00e8res am\u00e9liorations permettent<\/p>\n<\/div>\n\n<div class=\"container-md list  \">\n<ul class=\"wp-block-list\"><div class=\"container-md list-item  \">\n<li>Une plus grande stabilit\u00e9 du syst\u00e8me gr\u00e2ce \u00e0 une architecture r\u00e9siliente et des mises \u00e0 jour transparentes pour les d\u00e9ploiements cloud de Smart Factory.<\/li>\n<\/div>\n\n<div class=\"container-md list-item  \">\n<li>Possibilit\u00e9s de visualisation \u00e9tendues avec des fonctions de script puissantes et flexibles.<\/li>\n<\/div>\n\n<div class=\"container-md list-item  \">\n<li>Acc\u00e9l\u00e9ration de la cr\u00e9ation de vues gr\u00e2ce \u00e0 une s\u00e9lection intuitive des donn\u00e9es et \u00e0 une gestion optimis\u00e9e des donn\u00e9es des pages.<\/li>\n<\/div><\/ul>\n<\/div>\n\n<div class=\"container-md spacer  \">\n<div style=\"height:30px\" aria-hidden=\"true\" class=\"wp-block-spacer\"><\/div>\n<\/div>\n\n<div class=\"container-md paragraph  \">\n<p><em>Date du webinaire : <\/em><strong>17 juillet 2025<\/strong><\/p>\n<\/div>\n\n<div class=\"container-md spacer  \">\n<div style=\"height:50px\" aria-hidden=\"true\" class=\"wp-block-spacer\"><\/div>\n<\/div>\n\n<div class=\"container-md buttons  \">\n<div class=\"wp-block-buttons is-layout-flex wp-block-buttons-is-layout-flex\"><div class=\"container-md button  \">\n<div class=\"wp-block-button\"><a class=\"wp-block-button__link has-white-color has-text-color has-link-color wp-element-button\" href=\"https:\/\/www.gevernova.com\/software\/unified-proficy-2025-releases-webinar-series\" target=\"_blank\" rel=\"noreferrer noopener\">Inscrivez-vous ici pour le webinaire<\/a><\/div>\n<\/div><\/div>\n<\/div>\n\n<div class=\"container-md spacer  \">\n<div style=\"height:50px\" aria-hidden=\"true\" class=\"wp-block-spacer\"><\/div>\n<\/div>\n\n<div class=\"container-md spacer  \">\n<div style=\"height:30px\" aria-hidden=\"true\" class=\"wp-block-spacer\"><\/div>\n<\/div><\/div>\n<\/div><\/div>","protected":false},"excerpt":{"rendered":"<p>GE Vernova organise une s\u00e9rie de webinaires pour Proficy 2025. Obtenez les derni\u00e8res mises \u00e0 jour des produits et apprenez-en plus sur les nouvelles fonctionnalit\u00e9s ! <\/p>\n","protected":false},"author":35,"featured_media":0,"comment_status":"closed","ping_status":"closed","sticky":false,"template":"","format":"standard","meta":{"_acf_changed":false,"_relevanssi_hide_post":"","_relevanssi_pin_for_all":"","_relevanssi_pin_keywords":"","_relevanssi_unpin_keywords":"","_relevanssi_related_keywords":"","_relevanssi_related_include_ids":"","_relevanssi_related_exclude_ids":"","_relevanssi_related_no_append":"","_relevanssi_related_not_related":"","_relevanssi_related_posts":"21229,23572,13219,22383,22392,6198","_relevanssi_noindex_reason":"Yoast SEO","content-type":"","footnotes":""},"categories":[31],"tags":[53],"class_list":["post-23573","post","type-post","status-publish","format-standard","hentry","category-evenements","tag-proficy-fr"],"acf":[],"yoast_head":"<!-- This site is optimized with the Yoast SEO plugin v27.5 - https:\/\/yoast.com\/product\/yoast-seo-wordpress\/ -->\n<title>Proficy 2025 - Webinare - Novotek Switzerland<\/title>\n<meta name=\"description\" content=\"GE Vernova organise une s\u00e9rie de webinaires pour Proficy 2025. Obtenez les derni\u00e8res mises \u00e0 jour du poduct !\" \/>\n<meta name=\"robots\" content=\"noindex, follow\" \/>\n<meta property=\"og:locale\" content=\"fr_FR\" \/>\n<meta property=\"og:type\" content=\"article\" \/>\n<meta property=\"og:title\" content=\"Proficy 2025 - Webinare - Novotek Switzerland\" \/>\n<meta property=\"og:description\" content=\"GE Vernova organise une s\u00e9rie de webinaires pour Proficy 2025. Obtenez les derni\u00e8res mises \u00e0 jour du poduct !\" \/>\n<meta property=\"og:url\" content=\"https:\/\/www.novotek.com\/ch\/fr\/news\/proficy-2025-webinare\/\" \/>\n<meta property=\"og:site_name\" content=\"Novotek CH\" \/>\n<meta property=\"article:published_time\" content=\"2025-02-10T15:17:39+00:00\" \/>\n<meta property=\"article:modified_time\" content=\"2026-03-09T14:43:28+00:00\" \/>\n<meta property=\"og:image\" content=\"https:\/\/www.novotek.com\/ch\/wp-content\/uploads\/sites\/3\/website-wp-news-webinar-proficy2025-392x300-1-300x230.jpg\" \/>\n<meta name=\"author\" content=\"karinrau\" \/>\n<meta name=\"twitter:card\" content=\"summary_large_image\" \/>\n<meta name=\"twitter:label1\" content=\"Written by\" \/>\n\t<meta name=\"twitter:data1\" content=\"karinrau\" \/>\n\t<meta name=\"twitter:label2\" content=\"Est. reading time\" \/>\n\t<meta name=\"twitter:data2\" content=\"7 minutes\" \/>\n<script type=\"application\/ld+json\" class=\"yoast-schema-graph\">{\"@context\":\"https:\\\/\\\/schema.org\",\"@graph\":[{\"@type\":\"Article\",\"@id\":\"https:\\\/\\\/www.novotek.com\\\/ch\\\/fr\\\/news\\\/proficy-2025-webinare\\\/#article\",\"isPartOf\":{\"@id\":\"https:\\\/\\\/www.novotek.com\\\/ch\\\/fr\\\/news\\\/proficy-2025-webinare\\\/\"},\"author\":{\"name\":\"karinrau\",\"@id\":\"https:\\\/\\\/www.novotek.com\\\/ch\\\/#\\\/schema\\\/person\\\/a94dc46255c162712d8562be21bff467\"},\"headline\":\"Proficy 2025 &#8211; Webinare\",\"datePublished\":\"2025-02-10T15:17:39+00:00\",\"dateModified\":\"2026-03-09T14:43:28+00:00\",\"mainEntityOfPage\":{\"@id\":\"https:\\\/\\\/www.novotek.com\\\/ch\\\/fr\\\/news\\\/proficy-2025-webinare\\\/\"},\"wordCount\":949,\"publisher\":{\"@id\":\"https:\\\/\\\/www.novotek.com\\\/ch\\\/#organization\"},\"image\":{\"@id\":\"https:\\\/\\\/www.novotek.com\\\/ch\\\/fr\\\/news\\\/proficy-2025-webinare\\\/#primaryimage\"},\"thumbnailUrl\":\"https:\\\/\\\/www.novotek.com\\\/ch\\\/wp-content\\\/uploads\\\/sites\\\/3\\\/\\\/GE-Vernova-webinar-Proficy2025-1536x640-1-1024x427.jpg\",\"keywords\":[\"Proficy\"],\"articleSection\":[\"\u00c9v\u00e9nements\"],\"inLanguage\":\"fr-CH\"},{\"@type\":\"WebPage\",\"@id\":\"https:\\\/\\\/www.novotek.com\\\/ch\\\/fr\\\/news\\\/proficy-2025-webinare\\\/\",\"url\":\"https:\\\/\\\/www.novotek.com\\\/ch\\\/fr\\\/news\\\/proficy-2025-webinare\\\/\",\"name\":\"Proficy 2025 - Webinare - Novotek Switzerland\",\"isPartOf\":{\"@id\":\"https:\\\/\\\/www.novotek.com\\\/ch\\\/#website\"},\"primaryImageOfPage\":{\"@id\":\"https:\\\/\\\/www.novotek.com\\\/ch\\\/fr\\\/news\\\/proficy-2025-webinare\\\/#primaryimage\"},\"image\":{\"@id\":\"https:\\\/\\\/www.novotek.com\\\/ch\\\/fr\\\/news\\\/proficy-2025-webinare\\\/#primaryimage\"},\"thumbnailUrl\":\"https:\\\/\\\/www.novotek.com\\\/ch\\\/wp-content\\\/uploads\\\/sites\\\/3\\\/\\\/GE-Vernova-webinar-Proficy2025-1536x640-1-1024x427.jpg\",\"datePublished\":\"2025-02-10T15:17:39+00:00\",\"dateModified\":\"2026-03-09T14:43:28+00:00\",\"description\":\"GE Vernova organise une s\u00e9rie de webinaires pour Proficy 2025. Obtenez les derni\u00e8res mises \u00e0 jour du poduct !\",\"breadcrumb\":{\"@id\":\"https:\\\/\\\/www.novotek.com\\\/ch\\\/fr\\\/news\\\/proficy-2025-webinare\\\/#breadcrumb\"},\"inLanguage\":\"fr-CH\",\"potentialAction\":[{\"@type\":\"ReadAction\",\"target\":[\"https:\\\/\\\/www.novotek.com\\\/ch\\\/fr\\\/news\\\/proficy-2025-webinare\\\/\"]}]},{\"@type\":\"ImageObject\",\"inLanguage\":\"fr-CH\",\"@id\":\"https:\\\/\\\/www.novotek.com\\\/ch\\\/fr\\\/news\\\/proficy-2025-webinare\\\/#primaryimage\",\"url\":\"https:\\\/\\\/www.novotek.com\\\/ch\\\/wp-content\\\/uploads\\\/sites\\\/3\\\/\\\/GE-Vernova-webinar-Proficy2025-1536x640-1-1024x427.jpg\",\"contentUrl\":\"https:\\\/\\\/www.novotek.com\\\/ch\\\/wp-content\\\/uploads\\\/sites\\\/3\\\/\\\/GE-Vernova-webinar-Proficy2025-1536x640-1-1024x427.jpg\"},{\"@type\":\"BreadcrumbList\",\"@id\":\"https:\\\/\\\/www.novotek.com\\\/ch\\\/fr\\\/news\\\/proficy-2025-webinare\\\/#breadcrumb\",\"itemListElement\":[{\"@type\":\"ListItem\",\"position\":1,\"name\":\"Home\",\"item\":\"https:\\\/\\\/www.novotek.com\\\/ch\\\/fr\\\/\"},{\"@type\":\"ListItem\",\"position\":2,\"name\":\"Proficy 2025 &#8211; Webinare\"}]},{\"@type\":\"WebSite\",\"@id\":\"https:\\\/\\\/www.novotek.com\\\/ch\\\/#website\",\"url\":\"https:\\\/\\\/www.novotek.com\\\/ch\\\/\",\"name\":\"Novotek Switzerland AG\",\"description\":\"Connect - Digitalize - Optimize\",\"publisher\":{\"@id\":\"https:\\\/\\\/www.novotek.com\\\/ch\\\/#organization\"},\"potentialAction\":[{\"@type\":\"SearchAction\",\"target\":{\"@type\":\"EntryPoint\",\"urlTemplate\":\"https:\\\/\\\/www.novotek.com\\\/ch\\\/?s={search_term_string}\"},\"query-input\":{\"@type\":\"PropertyValueSpecification\",\"valueRequired\":true,\"valueName\":\"search_term_string\"}}],\"inLanguage\":\"fr-CH\"},{\"@type\":\"Organization\",\"@id\":\"https:\\\/\\\/www.novotek.com\\\/ch\\\/#organization\",\"name\":\"Novotek Switzerland AG\",\"url\":\"https:\\\/\\\/www.novotek.com\\\/ch\\\/\",\"logo\":{\"@type\":\"ImageObject\",\"inLanguage\":\"fr-CH\",\"@id\":\"https:\\\/\\\/www.novotek.com\\\/ch\\\/#\\\/schema\\\/logo\\\/image\\\/\",\"url\":\"https:\\\/\\\/www.novotek.com\\\/ch\\\/wp-content\\\/uploads\\\/sites\\\/3\\\/novotek-symbol-rgb-pos-white-border-512x512-1.png\",\"contentUrl\":\"https:\\\/\\\/www.novotek.com\\\/ch\\\/wp-content\\\/uploads\\\/sites\\\/3\\\/novotek-symbol-rgb-pos-white-border-512x512-1.png\",\"width\":512,\"height\":512,\"caption\":\"Novotek Switzerland AG\"},\"image\":{\"@id\":\"https:\\\/\\\/www.novotek.com\\\/ch\\\/#\\\/schema\\\/logo\\\/image\\\/\"}},{\"@type\":\"Person\",\"@id\":\"https:\\\/\\\/www.novotek.com\\\/ch\\\/#\\\/schema\\\/person\\\/a94dc46255c162712d8562be21bff467\",\"name\":\"karinrau\",\"image\":{\"@type\":\"ImageObject\",\"inLanguage\":\"fr-CH\",\"@id\":\"https:\\\/\\\/secure.gravatar.com\\\/avatar\\\/1d0a89a706de5c66306ce2ed9a610dd86d983c815e0c88c6a48c3c144f16d116?s=96&d=mm&r=g\",\"url\":\"https:\\\/\\\/secure.gravatar.com\\\/avatar\\\/1d0a89a706de5c66306ce2ed9a610dd86d983c815e0c88c6a48c3c144f16d116?s=96&d=mm&r=g\",\"contentUrl\":\"https:\\\/\\\/secure.gravatar.com\\\/avatar\\\/1d0a89a706de5c66306ce2ed9a610dd86d983c815e0c88c6a48c3c144f16d116?s=96&d=mm&r=g\",\"caption\":\"karinrau\"}}]}<\/script>\n<!-- \/ Yoast SEO plugin. -->","yoast_head_json":{"title":"Proficy 2025 - Webinare - Novotek Switzerland","description":"GE Vernova organise une s\u00e9rie de webinaires pour Proficy 2025. Obtenez les derni\u00e8res mises \u00e0 jour du poduct !","robots":{"index":"noindex","follow":"follow"},"og_locale":"fr_FR","og_type":"article","og_title":"Proficy 2025 - Webinare - Novotek Switzerland","og_description":"GE Vernova organise une s\u00e9rie de webinaires pour Proficy 2025. Obtenez les derni\u00e8res mises \u00e0 jour du poduct !","og_url":"https:\/\/www.novotek.com\/ch\/fr\/news\/proficy-2025-webinare\/","og_site_name":"Novotek CH","article_published_time":"2025-02-10T15:17:39+00:00","article_modified_time":"2026-03-09T14:43:28+00:00","og_image":[{"url":"https:\/\/www.novotek.com\/ch\/wp-content\/uploads\/sites\/3\/website-wp-news-webinar-proficy2025-392x300-1-300x230.jpg","type":"","width":"","height":""}],"author":"karinrau","twitter_card":"summary_large_image","twitter_misc":{"Written by":"karinrau","Est. reading time":"7 minutes"},"schema":{"@context":"https:\/\/schema.org","@graph":[{"@type":"Article","@id":"https:\/\/www.novotek.com\/ch\/fr\/news\/proficy-2025-webinare\/#article","isPartOf":{"@id":"https:\/\/www.novotek.com\/ch\/fr\/news\/proficy-2025-webinare\/"},"author":{"name":"karinrau","@id":"https:\/\/www.novotek.com\/ch\/#\/schema\/person\/a94dc46255c162712d8562be21bff467"},"headline":"Proficy 2025 &#8211; Webinare","datePublished":"2025-02-10T15:17:39+00:00","dateModified":"2026-03-09T14:43:28+00:00","mainEntityOfPage":{"@id":"https:\/\/www.novotek.com\/ch\/fr\/news\/proficy-2025-webinare\/"},"wordCount":949,"publisher":{"@id":"https:\/\/www.novotek.com\/ch\/#organization"},"image":{"@id":"https:\/\/www.novotek.com\/ch\/fr\/news\/proficy-2025-webinare\/#primaryimage"},"thumbnailUrl":"https:\/\/www.novotek.com\/ch\/wp-content\/uploads\/sites\/3\/\/GE-Vernova-webinar-Proficy2025-1536x640-1-1024x427.jpg","keywords":["Proficy"],"articleSection":["\u00c9v\u00e9nements"],"inLanguage":"fr-CH"},{"@type":"WebPage","@id":"https:\/\/www.novotek.com\/ch\/fr\/news\/proficy-2025-webinare\/","url":"https:\/\/www.novotek.com\/ch\/fr\/news\/proficy-2025-webinare\/","name":"Proficy 2025 - Webinare - Novotek Switzerland","isPartOf":{"@id":"https:\/\/www.novotek.com\/ch\/#website"},"primaryImageOfPage":{"@id":"https:\/\/www.novotek.com\/ch\/fr\/news\/proficy-2025-webinare\/#primaryimage"},"image":{"@id":"https:\/\/www.novotek.com\/ch\/fr\/news\/proficy-2025-webinare\/#primaryimage"},"thumbnailUrl":"https:\/\/www.novotek.com\/ch\/wp-content\/uploads\/sites\/3\/\/GE-Vernova-webinar-Proficy2025-1536x640-1-1024x427.jpg","datePublished":"2025-02-10T15:17:39+00:00","dateModified":"2026-03-09T14:43:28+00:00","description":"GE Vernova organise une s\u00e9rie de webinaires pour Proficy 2025. Obtenez les derni\u00e8res mises \u00e0 jour du poduct !","breadcrumb":{"@id":"https:\/\/www.novotek.com\/ch\/fr\/news\/proficy-2025-webinare\/#breadcrumb"},"inLanguage":"fr-CH","potentialAction":[{"@type":"ReadAction","target":["https:\/\/www.novotek.com\/ch\/fr\/news\/proficy-2025-webinare\/"]}]},{"@type":"ImageObject","inLanguage":"fr-CH","@id":"https:\/\/www.novotek.com\/ch\/fr\/news\/proficy-2025-webinare\/#primaryimage","url":"https:\/\/www.novotek.com\/ch\/wp-content\/uploads\/sites\/3\/\/GE-Vernova-webinar-Proficy2025-1536x640-1-1024x427.jpg","contentUrl":"https:\/\/www.novotek.com\/ch\/wp-content\/uploads\/sites\/3\/\/GE-Vernova-webinar-Proficy2025-1536x640-1-1024x427.jpg"},{"@type":"BreadcrumbList","@id":"https:\/\/www.novotek.com\/ch\/fr\/news\/proficy-2025-webinare\/#breadcrumb","itemListElement":[{"@type":"ListItem","position":1,"name":"Home","item":"https:\/\/www.novotek.com\/ch\/fr\/"},{"@type":"ListItem","position":2,"name":"Proficy 2025 &#8211; Webinare"}]},{"@type":"WebSite","@id":"https:\/\/www.novotek.com\/ch\/#website","url":"https:\/\/www.novotek.com\/ch\/","name":"Novotek Switzerland AG","description":"Connect - Digitalize - Optimize","publisher":{"@id":"https:\/\/www.novotek.com\/ch\/#organization"},"potentialAction":[{"@type":"SearchAction","target":{"@type":"EntryPoint","urlTemplate":"https:\/\/www.novotek.com\/ch\/?s={search_term_string}"},"query-input":{"@type":"PropertyValueSpecification","valueRequired":true,"valueName":"search_term_string"}}],"inLanguage":"fr-CH"},{"@type":"Organization","@id":"https:\/\/www.novotek.com\/ch\/#organization","name":"Novotek Switzerland AG","url":"https:\/\/www.novotek.com\/ch\/","logo":{"@type":"ImageObject","inLanguage":"fr-CH","@id":"https:\/\/www.novotek.com\/ch\/#\/schema\/logo\/image\/","url":"https:\/\/www.novotek.com\/ch\/wp-content\/uploads\/sites\/3\/novotek-symbol-rgb-pos-white-border-512x512-1.png","contentUrl":"https:\/\/www.novotek.com\/ch\/wp-content\/uploads\/sites\/3\/novotek-symbol-rgb-pos-white-border-512x512-1.png","width":512,"height":512,"caption":"Novotek Switzerland AG"},"image":{"@id":"https:\/\/www.novotek.com\/ch\/#\/schema\/logo\/image\/"}},{"@type":"Person","@id":"https:\/\/www.novotek.com\/ch\/#\/schema\/person\/a94dc46255c162712d8562be21bff467","name":"karinrau","image":{"@type":"ImageObject","inLanguage":"fr-CH","@id":"https:\/\/secure.gravatar.com\/avatar\/1d0a89a706de5c66306ce2ed9a610dd86d983c815e0c88c6a48c3c144f16d116?s=96&d=mm&r=g","url":"https:\/\/secure.gravatar.com\/avatar\/1d0a89a706de5c66306ce2ed9a610dd86d983c815e0c88c6a48c3c144f16d116?s=96&d=mm&r=g","contentUrl":"https:\/\/secure.gravatar.com\/avatar\/1d0a89a706de5c66306ce2ed9a610dd86d983c815e0c88c6a48c3c144f16d116?s=96&d=mm&r=g","caption":"karinrau"}}]}},"_links":{"self":[{"href":"https:\/\/www.novotek.com\/ch\/fr\/wp-json\/wp\/v2\/posts\/23573","targetHints":{"allow":["GET"]}}],"collection":[{"href":"https:\/\/www.novotek.com\/ch\/fr\/wp-json\/wp\/v2\/posts"}],"about":[{"href":"https:\/\/www.novotek.com\/ch\/fr\/wp-json\/wp\/v2\/types\/post"}],"author":[{"embeddable":true,"href":"https:\/\/www.novotek.com\/ch\/fr\/wp-json\/wp\/v2\/users\/35"}],"replies":[{"embeddable":true,"href":"https:\/\/www.novotek.com\/ch\/fr\/wp-json\/wp\/v2\/comments?post=23573"}],"version-history":[{"count":6,"href":"https:\/\/www.novotek.com\/ch\/fr\/wp-json\/wp\/v2\/posts\/23573\/revisions"}],"predecessor-version":[{"id":23628,"href":"https:\/\/www.novotek.com\/ch\/fr\/wp-json\/wp\/v2\/posts\/23573\/revisions\/23628"}],"wp:attachment":[{"href":"https:\/\/www.novotek.com\/ch\/fr\/wp-json\/wp\/v2\/media?parent=23573"}],"wp:term":[{"taxonomy":"category","embeddable":true,"href":"https:\/\/www.novotek.com\/ch\/fr\/wp-json\/wp\/v2\/categories?post=23573"},{"taxonomy":"post_tag","embeddable":true,"href":"https:\/\/www.novotek.com\/ch\/fr\/wp-json\/wp\/v2\/tags?post=23573"}],"curies":[{"name":"wp","href":"https:\/\/api.w.org\/{rel}","templated":true}]}}