{"id":25352,"date":"2025-03-06T15:36:08","date_gmt":"2025-03-06T15:36:08","guid":{"rendered":"https:\/\/www.novotek.com\/ch\/?p=25352"},"modified":"2026-03-03T08:53:43","modified_gmt":"2026-03-03T08:53:43","slug":"production-temps-reel-in-lausanne","status":"publish","type":"post","link":"https:\/\/www.novotek.com\/ch\/news\/production-temps-reel-in-lausanne\/","title":{"rendered":"PRODUCTION Temps R\u00e9el in Lausanne"},"content":{"rendered":"<div class=\"container-md paragraph  \">\n<p>Am <strong>26. M\u00e4rz 2025<\/strong> ist es soweit &#8211; <strong>Novotek Switzerland<\/strong> ist als <strong>Aussteller und Sponsor<\/strong> bei <em>Production Temps R\u00e9el<\/em> in Lausanne vertreten! Diese Veranstaltung bringt Experten und Entscheidungstr\u00e4ger aus der Industrie zusammen, um \u00fcber aktuelle Trends, Innovationen und die Zukunft der industriellen Produktion zu sprechen.<\/p>\n<\/div>\n\n<div class=\"container-md image  \">\n<figure class=\"wp-block-image size-full\"><img loading=\"lazy\" decoding=\"async\" width=\"1354\" height=\"313\" src=\"https:\/\/www.novotek.com\/ch\/wp-content\/uploads\/sites\/3\/production-temps-reel.jpg\" alt=\"\" class=\"wp-image-25364\" srcset=\"https:\/\/www.novotek.com\/ch\/wp-content\/uploads\/sites\/3\/production-temps-reel.jpg 1354w, https:\/\/www.novotek.com\/ch\/wp-content\/uploads\/sites\/3\/production-temps-reel-300x69.jpg 300w, https:\/\/www.novotek.com\/ch\/wp-content\/uploads\/sites\/3\/production-temps-reel-1024x237.jpg 1024w, https:\/\/www.novotek.com\/ch\/wp-content\/uploads\/sites\/3\/production-temps-reel-768x178.jpg 768w, https:\/\/www.novotek.com\/ch\/wp-content\/uploads\/sites\/3\/production-temps-reel-86x20.jpg 86w, https:\/\/www.novotek.com\/ch\/wp-content\/uploads\/sites\/3\/production-temps-reel-306x71.jpg 306w, https:\/\/www.novotek.com\/ch\/wp-content\/uploads\/sites\/3\/production-temps-reel-636x147.jpg 636w\" sizes=\"auto, (max-width: 1354px) 100vw, 1354px\" \/><\/figure>\n<\/div>\n\n<div class=\"container-md spacer  \">\n<div style=\"height:50px\" aria-hidden=\"true\" class=\"wp-block-spacer\"><\/div>\n<\/div>\n\n<div class=\"container-md paragraph  \">\n<p>Die digitale Transformation stellt Unternehmen vor neue Herausforderungen &#8211; und enorme Chancen. Produktionsprozesse m\u00fcssen intelligenter, flexibler und datengetriebener werden, um langfristig wettbewerbsf\u00e4hig zu bleiben. Genau hier setzen wir an:<\/p>\n<\/div>\n\n<div class=\"container-md paragraph  \">\n<p>Mit <strong>Industrial DataOps, smartem Datenmanagement und vernetzten Datenarchitekturen<\/strong> helfen wir Unternehmen, ihre Produktionsdaten nahtlos zu erfassen, zu strukturieren und sinnvoll zu nutzen. Damit schaffen wir nicht nur Transparenz und Effizienz, sondern auch die Grundlage f\u00fcr den Einsatz von K\u00fcnstlicher Intelligenz (KI) und Maschinellem Lernen (ML) in der Industrie.<\/p>\n<\/div>\n\n<div class=\"container-md spacer  \">\n<div style=\"height:80px\" aria-hidden=\"true\" class=\"wp-block-spacer\"><\/div>\n<\/div>\n\n<div class=\"container-md heading  \">\n<h2 class=\"wp-block-heading\">Daten als Schl\u00fcssel f\u00fcr KI und Maschinelles Lernen<\/h2>\n<\/div>\n\n<div class=\"container-md paragraph  \">\n<p>Viele Unternehmen haben bereits riesige Mengen an Produktionsdaten \u2013 doch oft bleiben diese ungenutzt oder sind schwer zug\u00e4nglich. Damit KI und ML wirklich Mehrwert liefern, m\u00fcssen Daten<\/p>\n<\/div>\n\n<div class=\"container-md paragraph  \">\n<p>\u2705 <strong>kontextualisiert<\/strong><br>\u2705 <strong>strukturiert<\/strong><br>\u2705 <strong>in Echtzeit <\/strong><\/p>\n<\/div>\n\n<div class=\"container-md paragraph  \">\n<p>verf\u00fcgbar sein. Durch die intelligente Verkn\u00fcpfung von OT- und IT-Welten k\u00f6nnen Daten in einem zentralen, vernetzten System nutzbar gemacht werden. <\/p>\n<\/div>\n\n<div class=\"container-md spacer  \">\n<div style=\"height:80px\" aria-hidden=\"true\" class=\"wp-block-spacer\"><\/div>\n<\/div>\n\n<div class=\"container-md heading  \">\n<h2 class=\"wp-block-heading\">Warum Production Temps R\u00e9el?<\/h2>\n<\/div>\n\n<div class=\"container-md paragraph  \">\n<p>Diese Veranstaltung bietet die perfekte Gelegenheit, sich mit Experten auszutauschen, neue L\u00f6sungsans\u00e4tze kennenzulernen und praxisnahe Einblicke in die neuesten Technologien zu erhalten. Wir freuen uns darauf, unser Wissen und unsere Erfahrung mit den Besuchern zu teilen und zu zeigen, wie Unternehmen <strong>ihre Daten f\u00fcr KI und ML optimal nutzbar machen k\u00f6nnen<\/strong>.<\/p>\n<\/div>\n\n<div class=\"container-md spacer  \">\n<div style=\"height:80px\" aria-hidden=\"true\" class=\"wp-block-spacer\"><\/div>\n<\/div>\n\n<div class=\"container-md cover  alignfull\">\n<div class=\"wp-block-cover alignfull has-white-color has-text-color has-link-color wp-elements-6248972992308e00498d76b57204ee50\" style=\"margin-top:0;padding-top:5vw;padding-right:5vw;padding-bottom:5vw;padding-left:5vw\"><span aria-hidden=\"true\" class=\"wp-block-cover__background has-background-dim-90 has-background-dim\" style=\"background-color:#1e2f39\"><\/span><img loading=\"lazy\" decoding=\"async\" width=\"1920\" height=\"550\" class=\"wp-block-cover__image-background wp-image-23505\" alt=\"\" src=\"https:\/\/www.novotek.com\/ch\/wp-content\/uploads\/sites\/3\/header-landingpage-kepserver.jpg\" data-object-fit=\"cover\" srcset=\"https:\/\/www.novotek.com\/ch\/wp-content\/uploads\/sites\/3\/header-landingpage-kepserver.jpg 1920w, https:\/\/www.novotek.com\/ch\/wp-content\/uploads\/sites\/3\/header-landingpage-kepserver-300x86.jpg 300w, https:\/\/www.novotek.com\/ch\/wp-content\/uploads\/sites\/3\/header-landingpage-kepserver-1024x293.jpg 1024w, https:\/\/www.novotek.com\/ch\/wp-content\/uploads\/sites\/3\/header-landingpage-kepserver-768x220.jpg 768w, https:\/\/www.novotek.com\/ch\/wp-content\/uploads\/sites\/3\/header-landingpage-kepserver-1536x440.jpg 1536w, https:\/\/www.novotek.com\/ch\/wp-content\/uploads\/sites\/3\/header-landingpage-kepserver-86x25.jpg 86w, https:\/\/www.novotek.com\/ch\/wp-content\/uploads\/sites\/3\/header-landingpage-kepserver-306x88.jpg 306w, https:\/\/www.novotek.com\/ch\/wp-content\/uploads\/sites\/3\/header-landingpage-kepserver-636x182.jpg 636w, https:\/\/www.novotek.com\/ch\/wp-content\/uploads\/sites\/3\/header-landingpage-kepserver-1632x468.jpg 1632w\" sizes=\"auto, (max-width: 1920px) 100vw, 1920px\" \/><div class=\"wp-block-cover__inner-container is-layout-flow wp-block-cover-is-layout-flow\"><div class=\"container-md group  alignwide\">\n<div class=\"wp-block-group alignwide\"><div class=\"wp-block-group__inner-container is-layout-constrained wp-block-group-is-layout-constrained\"><div class=\"container-md paragraph  alignleft\">\n<p class=\"has-text-align-left has-vivid-red-color has-text-color has-link-color has-medium-font-size wp-elements-66ce35ededace38aa9b63ae93a1defff\" style=\"font-style:normal;font-weight:500;line-height:.9;text-transform:uppercase\">Treffen wir uns dort?<\/p>\n<\/div>\n\n<div class=\"container-md heading  \">\n<h2 class=\"wp-block-heading\" style=\"text-transform:none\">Wir freuen uns auf spannende Gespr\u00e4che und den pers\u00f6nlichen Austausch<\/h2>\n<\/div>\n\n<div class=\"container-md spacer  \">\n<div style=\"height:30px\" aria-hidden=\"true\" class=\"wp-block-spacer\"><\/div>\n<\/div>\n\n<div class=\"container-md paragraph  \">\n<p class=\"has-white-color has-text-color has-link-color wp-elements-c3adeebf90c6160ef275995a976961df\">\ud83d\udcc5 <strong>Datum:<\/strong> 26. M\u00e4rz 2025<br>\ud83d\udccd <strong>Ort:<\/strong> Lausanne<br>\ud83d\udd17 <strong>Mehr Infos zur Veranstaltung:<\/strong> <a href=\"https:\/\/production-temps-reel.com\">production-temps-reel.com<\/a><\/p>\n<\/div>\n\n<div class=\"container-md columns  \">\n<div class=\"wp-block-columns is-layout-flex wp-container-core-columns-is-layout-9d6595d7 wp-block-columns-is-layout-flex\"><div class=\"container-md column  \">\n<div class=\"wp-block-column is-layout-flow wp-block-column-is-layout-flow\"><div class=\"wp-block-image\"><div class=\"container-md image  aligncenter\">\n<figure class=\"aligncenter size-full is-resized\"><img loading=\"lazy\" decoding=\"async\" width=\"600\" height=\"600\" src=\"https:\/\/www.novotek.com\/ch\/wp-content\/uploads\/sites\/3\/Patrik-Zeder-Novotek.png\" alt=\"\" class=\"wp-image-25383\" style=\"object-fit:cover;width:200px;height:200px\" srcset=\"https:\/\/www.novotek.com\/ch\/wp-content\/uploads\/sites\/3\/Patrik-Zeder-Novotek.png 600w, https:\/\/www.novotek.com\/ch\/wp-content\/uploads\/sites\/3\/Patrik-Zeder-Novotek-300x300.png 300w, https:\/\/www.novotek.com\/ch\/wp-content\/uploads\/sites\/3\/Patrik-Zeder-Novotek-150x150.png 150w, https:\/\/www.novotek.com\/ch\/wp-content\/uploads\/sites\/3\/Patrik-Zeder-Novotek-86x86.png 86w, https:\/\/www.novotek.com\/ch\/wp-content\/uploads\/sites\/3\/Patrik-Zeder-Novotek-306x306.png 306w\" sizes=\"auto, (max-width: 600px) 100vw, 600px\" \/><\/figure>\n<\/div><\/div>\n\n<div class=\"container-md paragraph  alignleft\">\n<p class=\"has-text-align-left\"><strong>Patrik Zeder<\/strong><br><em>Sales Manager<\/em><br>Novotek Switzerland AG<\/p>\n<\/div><\/div>\n<\/div>\n\n<div class=\"container-md column  \">\n<div class=\"wp-block-column is-layout-flow wp-block-column-is-layout-flow\"><div class=\"wp-block-image\"><div class=\"container-md image  aligncenter\">\n<figure class=\"aligncenter size-full is-resized\"><img loading=\"lazy\" decoding=\"async\" width=\"600\" height=\"600\" src=\"https:\/\/www.novotek.com\/ch\/wp-content\/uploads\/sites\/3\/jerome-banuls.png\" alt=\"\" class=\"wp-image-25369\" style=\"object-fit:cover;width:200px;height:200px\" srcset=\"https:\/\/www.novotek.com\/ch\/wp-content\/uploads\/sites\/3\/jerome-banuls.png 600w, https:\/\/www.novotek.com\/ch\/wp-content\/uploads\/sites\/3\/jerome-banuls-300x300.png 300w, https:\/\/www.novotek.com\/ch\/wp-content\/uploads\/sites\/3\/jerome-banuls-150x150.png 150w, https:\/\/www.novotek.com\/ch\/wp-content\/uploads\/sites\/3\/jerome-banuls-86x86.png 86w, https:\/\/www.novotek.com\/ch\/wp-content\/uploads\/sites\/3\/jerome-banuls-306x306.png 306w\" sizes=\"auto, (max-width: 600px) 100vw, 600px\" \/><\/figure>\n<\/div><\/div>\n\n<div class=\"container-md paragraph  \">\n<p><strong>J\u00e9r\u00f4me Banuls<\/strong><br><em>Business Development Director<\/em><br>Novotek France<\/p>\n<\/div><\/div>\n<\/div><\/div>\n<\/div><\/div>\n<\/div><\/div><\/div><\/div>\n<\/div>","protected":false},"excerpt":{"rendered":"<p>Wir sind als Sponsor und Aussteller bei Production Temps R\u00e9el in Lausanne! Eine perfekte Gelegenheit, sich mit Experten auszutauschen, neue L\u00f6sungsans\u00e4tze kennenzulernen und praxisnahe Einblicke in die neuesten Technologien zu erhalten.<\/p>\n","protected":false},"author":35,"featured_media":0,"comment_status":"closed","ping_status":"closed","sticky":false,"template":"","format":"standard","meta":{"_acf_changed":false,"_relevanssi_hide_post":"","_relevanssi_pin_for_all":"","_relevanssi_pin_keywords":"","_relevanssi_unpin_keywords":"","_relevanssi_related_keywords":"","_relevanssi_related_include_ids":"","_relevanssi_related_exclude_ids":"","_relevanssi_related_no_append":"","_relevanssi_related_not_related":"","_relevanssi_related_posts":"22618,6214,17974,19390,22420,22472","_relevanssi_noindex_reason":"Yoast SEO","content-type":"","footnotes":""},"categories":[26],"tags":[],"class_list":["post-25352","post","type-post","status-publish","format-standard","hentry","category-events"],"acf":[],"yoast_head":"<!-- This site is optimized with the Yoast SEO plugin v27.4 - https:\/\/yoast.com\/product\/yoast-seo-wordpress\/ -->\n<title>PRODUCTION Temps R\u00e9el in Lausanne - Novotek CH<\/title>\n<meta name=\"description\" content=\"Wir sind als Sponsor und Aussteller bei Production Temps R\u00e9el in Lausanne! Sind Sie auch dabei?\" \/>\n<meta name=\"robots\" content=\"noindex, follow\" \/>\n<meta property=\"og:locale\" content=\"de_DE\" \/>\n<meta property=\"og:type\" content=\"article\" \/>\n<meta property=\"og:title\" content=\"PRODUCTION Temps R\u00e9el in Lausanne - Novotek CH\" \/>\n<meta property=\"og:description\" content=\"Wir sind als Sponsor und Aussteller bei Production Temps R\u00e9el in Lausanne! Sind Sie auch dabei?\" \/>\n<meta property=\"og:url\" content=\"https:\/\/www.novotek.com\/ch\/news\/production-temps-reel-in-lausanne\/\" \/>\n<meta property=\"og:site_name\" content=\"Novotek CH\" \/>\n<meta property=\"article:published_time\" content=\"2025-03-06T15:36:08+00:00\" \/>\n<meta property=\"article:modified_time\" content=\"2026-03-03T08:53:43+00:00\" \/>\n<meta property=\"og:image\" content=\"https:\/\/www.novotek.com\/ch\/wp-content\/uploads\/sites\/3\/production-temps-reel.jpg.webp\" \/>\n\t<meta property=\"og:image:width\" content=\"1354\" \/>\n\t<meta property=\"og:image:height\" content=\"313\" \/>\n\t<meta property=\"og:image:type\" content=\"image\/jpeg\" \/>\n<meta name=\"author\" content=\"karinrau\" \/>\n<meta name=\"twitter:card\" content=\"summary_large_image\" \/>\n<meta name=\"twitter:label1\" content=\"Geschrieben von\" \/>\n\t<meta name=\"twitter:data1\" content=\"karinrau\" \/>\n\t<meta name=\"twitter:label2\" content=\"Gesch\u00e4tzte Lesezeit\" \/>\n\t<meta name=\"twitter:data2\" content=\"3\u00a0Minuten\" \/>\n<script type=\"application\/ld+json\" class=\"yoast-schema-graph\">{\"@context\":\"https:\\\/\\\/schema.org\",\"@graph\":[{\"@type\":\"Article\",\"@id\":\"https:\\\/\\\/www.novotek.com\\\/ch\\\/news\\\/production-temps-reel-in-lausanne\\\/#article\",\"isPartOf\":{\"@id\":\"https:\\\/\\\/www.novotek.com\\\/ch\\\/news\\\/production-temps-reel-in-lausanne\\\/\"},\"author\":{\"name\":\"karinrau\",\"@id\":\"https:\\\/\\\/www.novotek.com\\\/ch\\\/#\\\/schema\\\/person\\\/a94dc46255c162712d8562be21bff467\"},\"headline\":\"PRODUCTION Temps R\u00e9el in Lausanne\",\"datePublished\":\"2025-03-06T15:36:08+00:00\",\"dateModified\":\"2026-03-03T08:53:43+00:00\",\"mainEntityOfPage\":{\"@id\":\"https:\\\/\\\/www.novotek.com\\\/ch\\\/news\\\/production-temps-reel-in-lausanne\\\/\"},\"wordCount\":301,\"publisher\":{\"@id\":\"https:\\\/\\\/www.novotek.com\\\/ch\\\/#organization\"},\"image\":{\"@id\":\"https:\\\/\\\/www.novotek.com\\\/ch\\\/news\\\/production-temps-reel-in-lausanne\\\/#primaryimage\"},\"thumbnailUrl\":\"https:\\\/\\\/www.novotek.com\\\/ch\\\/wp-content\\\/uploads\\\/sites\\\/3\\\/production-temps-reel.jpg\",\"articleSection\":[\"Events\"],\"inLanguage\":\"de-CH\"},{\"@type\":\"WebPage\",\"@id\":\"https:\\\/\\\/www.novotek.com\\\/ch\\\/news\\\/production-temps-reel-in-lausanne\\\/\",\"url\":\"https:\\\/\\\/www.novotek.com\\\/ch\\\/news\\\/production-temps-reel-in-lausanne\\\/\",\"name\":\"PRODUCTION Temps R\u00e9el in Lausanne - Novotek CH\",\"isPartOf\":{\"@id\":\"https:\\\/\\\/www.novotek.com\\\/ch\\\/#website\"},\"primaryImageOfPage\":{\"@id\":\"https:\\\/\\\/www.novotek.com\\\/ch\\\/news\\\/production-temps-reel-in-lausanne\\\/#primaryimage\"},\"image\":{\"@id\":\"https:\\\/\\\/www.novotek.com\\\/ch\\\/news\\\/production-temps-reel-in-lausanne\\\/#primaryimage\"},\"thumbnailUrl\":\"https:\\\/\\\/www.novotek.com\\\/ch\\\/wp-content\\\/uploads\\\/sites\\\/3\\\/production-temps-reel.jpg\",\"datePublished\":\"2025-03-06T15:36:08+00:00\",\"dateModified\":\"2026-03-03T08:53:43+00:00\",\"description\":\"Wir sind als Sponsor und Aussteller bei Production Temps R\u00e9el in Lausanne! Sind Sie auch dabei?\",\"breadcrumb\":{\"@id\":\"https:\\\/\\\/www.novotek.com\\\/ch\\\/news\\\/production-temps-reel-in-lausanne\\\/#breadcrumb\"},\"inLanguage\":\"de-CH\",\"potentialAction\":[{\"@type\":\"ReadAction\",\"target\":[\"https:\\\/\\\/www.novotek.com\\\/ch\\\/news\\\/production-temps-reel-in-lausanne\\\/\"]}]},{\"@type\":\"ImageObject\",\"inLanguage\":\"de-CH\",\"@id\":\"https:\\\/\\\/www.novotek.com\\\/ch\\\/news\\\/production-temps-reel-in-lausanne\\\/#primaryimage\",\"url\":\"https:\\\/\\\/www.novotek.com\\\/ch\\\/wp-content\\\/uploads\\\/sites\\\/3\\\/production-temps-reel.jpg.webp\",\"contentUrl\":\"https:\\\/\\\/www.novotek.com\\\/ch\\\/wp-content\\\/uploads\\\/sites\\\/3\\\/production-temps-reel.jpg.webp\",\"width\":1354,\"height\":313},{\"@type\":\"BreadcrumbList\",\"@id\":\"https:\\\/\\\/www.novotek.com\\\/ch\\\/news\\\/production-temps-reel-in-lausanne\\\/#breadcrumb\",\"itemListElement\":[{\"@type\":\"ListItem\",\"position\":1,\"name\":\"Home\",\"item\":\"https:\\\/\\\/www.novotek.com\\\/ch\\\/\"},{\"@type\":\"ListItem\",\"position\":2,\"name\":\"PRODUCTION Temps R\u00e9el in Lausanne\"}]},{\"@type\":\"WebSite\",\"@id\":\"https:\\\/\\\/www.novotek.com\\\/ch\\\/#website\",\"url\":\"https:\\\/\\\/www.novotek.com\\\/ch\\\/\",\"name\":\"Novotek Switzerland AG\",\"description\":\"Connect - Digitalize - Optimize\",\"publisher\":{\"@id\":\"https:\\\/\\\/www.novotek.com\\\/ch\\\/#organization\"},\"potentialAction\":[{\"@type\":\"SearchAction\",\"target\":{\"@type\":\"EntryPoint\",\"urlTemplate\":\"https:\\\/\\\/www.novotek.com\\\/ch\\\/?s={search_term_string}\"},\"query-input\":{\"@type\":\"PropertyValueSpecification\",\"valueRequired\":true,\"valueName\":\"search_term_string\"}}],\"inLanguage\":\"de-CH\"},{\"@type\":\"Organization\",\"@id\":\"https:\\\/\\\/www.novotek.com\\\/ch\\\/#organization\",\"name\":\"Novotek Switzerland AG\",\"url\":\"https:\\\/\\\/www.novotek.com\\\/ch\\\/\",\"logo\":{\"@type\":\"ImageObject\",\"inLanguage\":\"de-CH\",\"@id\":\"https:\\\/\\\/www.novotek.com\\\/ch\\\/#\\\/schema\\\/logo\\\/image\\\/\",\"url\":\"https:\\\/\\\/www.novotek.com\\\/ch\\\/wp-content\\\/uploads\\\/sites\\\/3\\\/novotek-symbol-rgb-pos-white-border-512x512-1.png\",\"contentUrl\":\"https:\\\/\\\/www.novotek.com\\\/ch\\\/wp-content\\\/uploads\\\/sites\\\/3\\\/novotek-symbol-rgb-pos-white-border-512x512-1.png\",\"width\":512,\"height\":512,\"caption\":\"Novotek Switzerland AG\"},\"image\":{\"@id\":\"https:\\\/\\\/www.novotek.com\\\/ch\\\/#\\\/schema\\\/logo\\\/image\\\/\"}},{\"@type\":\"Person\",\"@id\":\"https:\\\/\\\/www.novotek.com\\\/ch\\\/#\\\/schema\\\/person\\\/a94dc46255c162712d8562be21bff467\",\"name\":\"karinrau\",\"image\":{\"@type\":\"ImageObject\",\"inLanguage\":\"de-CH\",\"@id\":\"https:\\\/\\\/secure.gravatar.com\\\/avatar\\\/1d0a89a706de5c66306ce2ed9a610dd86d983c815e0c88c6a48c3c144f16d116?s=96&d=mm&r=g\",\"url\":\"https:\\\/\\\/secure.gravatar.com\\\/avatar\\\/1d0a89a706de5c66306ce2ed9a610dd86d983c815e0c88c6a48c3c144f16d116?s=96&d=mm&r=g\",\"contentUrl\":\"https:\\\/\\\/secure.gravatar.com\\\/avatar\\\/1d0a89a706de5c66306ce2ed9a610dd86d983c815e0c88c6a48c3c144f16d116?s=96&d=mm&r=g\",\"caption\":\"karinrau\"}}]}<\/script>\n<!-- \/ Yoast SEO plugin. -->","yoast_head_json":{"title":"PRODUCTION Temps R\u00e9el in Lausanne - Novotek CH","description":"Wir sind als Sponsor und Aussteller bei Production Temps R\u00e9el in Lausanne! Sind Sie auch dabei?","robots":{"index":"noindex","follow":"follow"},"og_locale":"de_DE","og_type":"article","og_title":"PRODUCTION Temps R\u00e9el in Lausanne - Novotek CH","og_description":"Wir sind als Sponsor und Aussteller bei Production Temps R\u00e9el in Lausanne! Sind Sie auch dabei?","og_url":"https:\/\/www.novotek.com\/ch\/news\/production-temps-reel-in-lausanne\/","og_site_name":"Novotek CH","article_published_time":"2025-03-06T15:36:08+00:00","article_modified_time":"2026-03-03T08:53:43+00:00","og_image":[{"width":1354,"height":313,"url":"https:\/\/www.novotek.com\/ch\/wp-content\/uploads\/sites\/3\/production-temps-reel.jpg.webp","type":"image\/jpeg"}],"author":"karinrau","twitter_card":"summary_large_image","twitter_misc":{"Geschrieben von":"karinrau","Gesch\u00e4tzte Lesezeit":"3\u00a0Minuten"},"schema":{"@context":"https:\/\/schema.org","@graph":[{"@type":"Article","@id":"https:\/\/www.novotek.com\/ch\/news\/production-temps-reel-in-lausanne\/#article","isPartOf":{"@id":"https:\/\/www.novotek.com\/ch\/news\/production-temps-reel-in-lausanne\/"},"author":{"name":"karinrau","@id":"https:\/\/www.novotek.com\/ch\/#\/schema\/person\/a94dc46255c162712d8562be21bff467"},"headline":"PRODUCTION Temps R\u00e9el in Lausanne","datePublished":"2025-03-06T15:36:08+00:00","dateModified":"2026-03-03T08:53:43+00:00","mainEntityOfPage":{"@id":"https:\/\/www.novotek.com\/ch\/news\/production-temps-reel-in-lausanne\/"},"wordCount":301,"publisher":{"@id":"https:\/\/www.novotek.com\/ch\/#organization"},"image":{"@id":"https:\/\/www.novotek.com\/ch\/news\/production-temps-reel-in-lausanne\/#primaryimage"},"thumbnailUrl":"https:\/\/www.novotek.com\/ch\/wp-content\/uploads\/sites\/3\/production-temps-reel.jpg","articleSection":["Events"],"inLanguage":"de-CH"},{"@type":"WebPage","@id":"https:\/\/www.novotek.com\/ch\/news\/production-temps-reel-in-lausanne\/","url":"https:\/\/www.novotek.com\/ch\/news\/production-temps-reel-in-lausanne\/","name":"PRODUCTION Temps R\u00e9el in Lausanne - Novotek CH","isPartOf":{"@id":"https:\/\/www.novotek.com\/ch\/#website"},"primaryImageOfPage":{"@id":"https:\/\/www.novotek.com\/ch\/news\/production-temps-reel-in-lausanne\/#primaryimage"},"image":{"@id":"https:\/\/www.novotek.com\/ch\/news\/production-temps-reel-in-lausanne\/#primaryimage"},"thumbnailUrl":"https:\/\/www.novotek.com\/ch\/wp-content\/uploads\/sites\/3\/production-temps-reel.jpg","datePublished":"2025-03-06T15:36:08+00:00","dateModified":"2026-03-03T08:53:43+00:00","description":"Wir sind als Sponsor und Aussteller bei Production Temps R\u00e9el in Lausanne! Sind Sie auch dabei?","breadcrumb":{"@id":"https:\/\/www.novotek.com\/ch\/news\/production-temps-reel-in-lausanne\/#breadcrumb"},"inLanguage":"de-CH","potentialAction":[{"@type":"ReadAction","target":["https:\/\/www.novotek.com\/ch\/news\/production-temps-reel-in-lausanne\/"]}]},{"@type":"ImageObject","inLanguage":"de-CH","@id":"https:\/\/www.novotek.com\/ch\/news\/production-temps-reel-in-lausanne\/#primaryimage","url":"https:\/\/www.novotek.com\/ch\/wp-content\/uploads\/sites\/3\/production-temps-reel.jpg.webp","contentUrl":"https:\/\/www.novotek.com\/ch\/wp-content\/uploads\/sites\/3\/production-temps-reel.jpg.webp","width":1354,"height":313},{"@type":"BreadcrumbList","@id":"https:\/\/www.novotek.com\/ch\/news\/production-temps-reel-in-lausanne\/#breadcrumb","itemListElement":[{"@type":"ListItem","position":1,"name":"Home","item":"https:\/\/www.novotek.com\/ch\/"},{"@type":"ListItem","position":2,"name":"PRODUCTION Temps R\u00e9el in Lausanne"}]},{"@type":"WebSite","@id":"https:\/\/www.novotek.com\/ch\/#website","url":"https:\/\/www.novotek.com\/ch\/","name":"Novotek Switzerland AG","description":"Connect - Digitalize - Optimize","publisher":{"@id":"https:\/\/www.novotek.com\/ch\/#organization"},"potentialAction":[{"@type":"SearchAction","target":{"@type":"EntryPoint","urlTemplate":"https:\/\/www.novotek.com\/ch\/?s={search_term_string}"},"query-input":{"@type":"PropertyValueSpecification","valueRequired":true,"valueName":"search_term_string"}}],"inLanguage":"de-CH"},{"@type":"Organization","@id":"https:\/\/www.novotek.com\/ch\/#organization","name":"Novotek Switzerland AG","url":"https:\/\/www.novotek.com\/ch\/","logo":{"@type":"ImageObject","inLanguage":"de-CH","@id":"https:\/\/www.novotek.com\/ch\/#\/schema\/logo\/image\/","url":"https:\/\/www.novotek.com\/ch\/wp-content\/uploads\/sites\/3\/novotek-symbol-rgb-pos-white-border-512x512-1.png","contentUrl":"https:\/\/www.novotek.com\/ch\/wp-content\/uploads\/sites\/3\/novotek-symbol-rgb-pos-white-border-512x512-1.png","width":512,"height":512,"caption":"Novotek Switzerland AG"},"image":{"@id":"https:\/\/www.novotek.com\/ch\/#\/schema\/logo\/image\/"}},{"@type":"Person","@id":"https:\/\/www.novotek.com\/ch\/#\/schema\/person\/a94dc46255c162712d8562be21bff467","name":"karinrau","image":{"@type":"ImageObject","inLanguage":"de-CH","@id":"https:\/\/secure.gravatar.com\/avatar\/1d0a89a706de5c66306ce2ed9a610dd86d983c815e0c88c6a48c3c144f16d116?s=96&d=mm&r=g","url":"https:\/\/secure.gravatar.com\/avatar\/1d0a89a706de5c66306ce2ed9a610dd86d983c815e0c88c6a48c3c144f16d116?s=96&d=mm&r=g","contentUrl":"https:\/\/secure.gravatar.com\/avatar\/1d0a89a706de5c66306ce2ed9a610dd86d983c815e0c88c6a48c3c144f16d116?s=96&d=mm&r=g","caption":"karinrau"}}]}},"_links":{"self":[{"href":"https:\/\/www.novotek.com\/ch\/wp-json\/wp\/v2\/posts\/25352","targetHints":{"allow":["GET"]}}],"collection":[{"href":"https:\/\/www.novotek.com\/ch\/wp-json\/wp\/v2\/posts"}],"about":[{"href":"https:\/\/www.novotek.com\/ch\/wp-json\/wp\/v2\/types\/post"}],"author":[{"embeddable":true,"href":"https:\/\/www.novotek.com\/ch\/wp-json\/wp\/v2\/users\/35"}],"replies":[{"embeddable":true,"href":"https:\/\/www.novotek.com\/ch\/wp-json\/wp\/v2\/comments?post=25352"}],"version-history":[{"count":19,"href":"https:\/\/www.novotek.com\/ch\/wp-json\/wp\/v2\/posts\/25352\/revisions"}],"predecessor-version":[{"id":25408,"href":"https:\/\/www.novotek.com\/ch\/wp-json\/wp\/v2\/posts\/25352\/revisions\/25408"}],"wp:attachment":[{"href":"https:\/\/www.novotek.com\/ch\/wp-json\/wp\/v2\/media?parent=25352"}],"wp:term":[{"taxonomy":"category","embeddable":true,"href":"https:\/\/www.novotek.com\/ch\/wp-json\/wp\/v2\/categories?post=25352"},{"taxonomy":"post_tag","embeddable":true,"href":"https:\/\/www.novotek.com\/ch\/wp-json\/wp\/v2\/tags?post=25352"}],"curies":[{"name":"wp","href":"https:\/\/api.w.org\/{rel}","templated":true}]}}