{"id":2206,"date":"2021-10-13T13:31:26","date_gmt":"2021-10-13T13:31:26","guid":{"rendered":"https:\/\/www.novotek.com\/dk\/?p=2206"},"modified":"2025-06-30T09:16:57","modified_gmt":"2025-06-30T09:16:57","slug":"skaber-du-digitalt-affald-i-clouden","status":"publish","type":"post","link":"https:\/\/www.novotek.com\/dk\/nyheder\/skaber-du-digitalt-affald-i-clouden\/","title":{"rendered":"Skaber du digitalt affald i clouden?"},"content":{"rendered":"<div class=\"container-md paragraph  aligncenter\">\n<p class=\"has-text-align-center has-medium-font-size\"><strong>Deltag i vores 60 minutters Data Fit For Purpose-tr\u00e6ning for at f\u00e5 en f\u00e6lles forst\u00e5else<\/strong><\/p>\n<\/div>\n\n<div class=\"container-md paragraph  aligncenter\">\n<p class=\"has-text-align-center\">Digitalisering betyder, at OT-data skal levere til IT-systemer.<br>Kravene om deling af data for at f\u00e5 en enkelt sandhedskilde<br>har aldrig v\u00e6ret h\u00f8jere.<\/p>\n<\/div>\n\n<div class=\"container-md paragraph  aligncenter\">\n<p class=\"has-text-align-center\">Du drukner i data og fors\u00f8ger at forst\u00e5, hvordan du f\u00e5r mening med dem.<br>Men hvorfor skal det v\u00e6re s\u00e5 kompliceret?<\/p>\n<\/div>\n\n<div class=\"container-md image  \">\n<figure class=\"wp-block-image size-large\"><img loading=\"lazy\" decoding=\"async\" width=\"1024\" height=\"332\" src=\"https:\/\/www.novotek.com\/dk\/wp-content\/uploads\/sites\/4\/News\/2021-event-digital-waste-02-1024x332.jpg\" alt=\"\" class=\"wp-image-2502\" srcset=\"https:\/\/www.novotek.com\/dk\/wp-content\/uploads\/sites\/4\/News\/2021-event-digital-waste-02-1024x332.jpg 1024w, https:\/\/www.novotek.com\/dk\/wp-content\/uploads\/sites\/4\/News\/2021-event-digital-waste-02-300x97.jpg 300w, https:\/\/www.novotek.com\/dk\/wp-content\/uploads\/sites\/4\/News\/2021-event-digital-waste-02-768x249.jpg 768w, https:\/\/www.novotek.com\/dk\/wp-content\/uploads\/sites\/4\/News\/2021-event-digital-waste-02.jpg 1100w\" sizes=\"auto, (max-width: 1024px) 100vw, 1024px\" \/><\/figure>\n<\/div>\n\n<div class=\"container-md paragraph  \">\n<p><\/p>\n<\/div>\n\n<div class=\"container-md paragraph  \">\n<p><\/p>\n<\/div>\n\n<div class=\"container-md paragraph  aligncenter\">\n<p class=\"has-text-align-center has-medium-font-size\"><strong>Start med at sp\u00f8rge dig selv:<\/strong><\/p>\n<\/div>\n\n<div class=\"container-md list  \">\n<ul class=\"wp-block-list\"><div class=\"container-md list-item  \">\n<li>Taler du det samme processprog i hele datalivscyklussen?<\/li>\n<\/div>\n\n<div class=\"container-md list-item  \">\n<li>Leveres dine data i det rigtige format med den rigtige kontekst og p\u00e5 en skalerbar m\u00e5de?<\/li>\n<\/div>\n\n<div class=\"container-md list-item  \">\n<li>Administreres dataejerskabet p\u00e5 det rigtige sted af de rigtige mennesker ved hj\u00e6lp af de rigtige v\u00e6rkt\u00f8jer?<\/li>\n<\/div><\/ul>\n<\/div>\n\n<div class=\"container-md paragraph  \">\n<p><\/p>\n<\/div>\n\n<div class=\"container-md paragraph  \">\n<p><\/p>\n<\/div>\n\n<div class=\"container-md paragraph  \">\n<p><\/p>\n<\/div>\n\n<div class=\"container-md paragraph  \">\n<p><\/p>\n<\/div>\n\n<div class=\"container-md paragraph  alignleft\">\n<p class=\"has-text-align-left has-medium-font-size\"><strong>M\u00e5ske arbejder du med OT og skal forst\u00e5 form\u00e5let<br>bag sp\u00f8rgsm\u00e5let, n\u00e5r du sender proces- og produktionsdata \u2026<\/strong><\/p>\n<\/div>\n\n<div class=\"container-md paragraph  alignright\">\n<p class=\"has-text-align-right has-medium-font-size\"><strong>\u2026 eller m\u00e5ske er du inden for it og har brug for at vide, hvad du skal sp\u00f8rge<br>for at opn\u00e5 optimeringsresultater<\/strong>.<\/p>\n<\/div>\n\n<div class=\"container-md paragraph  \">\n<p><\/p>\n<\/div>\n\n<div class=\"container-md paragraph  \">\n<p><\/p>\n<\/div>\n\n<div class=\"container-md paragraph  \">\n<p><\/p>\n<\/div>\n\n<div class=\"container-md paragraph  \">\n<p><\/p>\n<\/div>\n\n<div class=\"container-md paragraph  aligncenter\">\n<p class=\"has-text-align-center has-vivid-red-color has-text-color has-medium-font-size\"><strong>Deltag i vores 60 min Data Fit For Purpose-tr\u00e6ning!<\/strong><\/p>\n<\/div>\n\n<div class=\"container-md paragraph  aligncenter\">\n<p class=\"has-text-align-center has-vivid-red-color has-text-color has-medium-font-size\"><strong>Saml disse to verdener,<br>spring din digitaliserings mission i gang og<br>udtr\u00e6k \u00e6gte v\u00e6rdi fra dine data!<\/strong><\/p>\n<\/div>\n\n<div class=\"container-md paragraph  \">\n<p><\/p>\n<\/div>\n\n<div class=\"container-md paragraph  \">\n<p><\/p>\n<\/div>\n\n<div class=\"container-md paragraph  \">\n<p><\/p>\n<\/div>\n\n<div class=\"container-md paragraph  \">\n<p><\/p>\n<\/div>\n\n<div class=\"container-md paragraph  alignleft\">\n<p class=\"has-text-align-left\"><strong>Emner, der vil blive behandlet er:<\/strong><\/p>\n<\/div>\n\n<div class=\"container-md list  \">\n<ul class=\"wp-block-list\"><div class=\"container-md list-item  \">\n<li>Basis IIoT dataterminologi<\/li>\n<\/div>\n\n<div class=\"container-md list-item  \">\n<li>Microsoft, AWS og Google<\/li>\n<\/div>\n\n<div class=\"container-md list-item  \">\n<li>Data kilder<\/li>\n<\/div>\n\n<div class=\"container-md list-item  \">\n<li>Kantbehandling<\/li>\n<\/div>\n\n<div class=\"container-md list-item  \">\n<li>Betydningen af \u200b\u200bOPC UA<\/li>\n<\/div>\n\n<div class=\"container-md list-item  \">\n<li>Unified Namespce til skalering<\/li>\n<\/div>\n\n<div class=\"container-md list-item  \">\n<li>MQTT mellem OT og Cloud<\/li>\n<\/div>\n\n<div class=\"container-md list-item  \">\n<li>Sikkerhedsaspekter<\/li>\n<\/div><\/ul>\n<\/div>\n\n<div class=\"container-md paragraph  \">\n<p><\/p>\n<\/div>\n\n<div class=\"container-md paragraph  \">\n<p><\/p>\n<\/div>\n\n<div class=\"container-md paragraph  aligncenter\">\n<p class=\"has-text-align-center has-large-font-size\"><strong>Dato og tid:<\/strong><\/p>\n<\/div>\n\n<div class=\"container-md paragraph  aligncenter\">\n<p class=\"has-text-align-center has-medium-font-size\"><strong>22. oktober 2021<br>Kl. 10.00 &#8211; 11.00 <\/strong><br><\/p>\n<\/div>","protected":false},"excerpt":{"rendered":"<p>Digitalisering betyder, at OT-data skal levere til IT-systemer. Kravene om deling af data for at f\u00e5 en enkelt sandhedskilde har aldrig v\u00e6ret h\u00f8jere. Du drukner i data og fors\u00f8ger at forst\u00e5, hvordan du f\u00e5r mening med dem. Men hvorfor skal det v\u00e6re s\u00e5 kompliceret?<\/p>\n","protected":false},"author":6,"featured_media":0,"comment_status":"open","ping_status":"open","sticky":false,"template":"","format":"standard","meta":{"_acf_changed":false,"_relevanssi_hide_post":"","_relevanssi_pin_for_all":"","_relevanssi_pin_keywords":"","_relevanssi_unpin_keywords":"","_relevanssi_related_keywords":"","_relevanssi_related_include_ids":"","_relevanssi_related_exclude_ids":"","_relevanssi_related_no_append":"","_relevanssi_related_not_related":"","_relevanssi_related_posts":"1684,1679,1610,1645,1641,1689","_relevanssi_noindex_reason":"","footnotes":""},"categories":[6],"tags":[],"class_list":["post-2206","post","type-post","status-publish","format-standard","hentry","category-event"],"acf":[],"yoast_head":"<!-- This site is optimized with the Yoast SEO plugin v27.5 - https:\/\/yoast.com\/product\/yoast-seo-wordpress\/ -->\n<title>Skaber du digitalt affald i clouden? - Novotek Danmark<\/title>\n<meta name=\"description\" content=\"Deltag i vores 60 min Data Fit For Purpose-tr\u00e6ning!L\u00f8b din digitaliserings mission i gang og f\u00e5 \u00e6gte v\u00e6rdi fra dine data!\" \/>\n<meta name=\"robots\" content=\"index, follow, max-snippet:-1, max-image-preview:large, max-video-preview:-1\" \/>\n<link rel=\"canonical\" href=\"https:\/\/www.novotek.com\/dk\/nyheder\/skaber-du-digitalt-affald-i-clouden\/\" \/>\n<meta property=\"og:locale\" content=\"da_DK\" \/>\n<meta property=\"og:type\" content=\"article\" \/>\n<meta property=\"og:title\" content=\"Skaber du digitalt affald i clouden? - Novotek Danmark\" \/>\n<meta property=\"og:description\" content=\"Deltag i vores 60 min Data Fit For Purpose-tr\u00e6ning!L\u00f8b din digitaliserings mission i gang og f\u00e5 \u00e6gte v\u00e6rdi fra dine data!\" \/>\n<meta property=\"og:url\" content=\"https:\/\/www.novotek.com\/dk\/nyheder\/skaber-du-digitalt-affald-i-clouden\/\" \/>\n<meta property=\"og:site_name\" content=\"Novotek Danmark\" \/>\n<meta property=\"article:published_time\" content=\"2021-10-13T13:31:26+00:00\" \/>\n<meta property=\"article:modified_time\" content=\"2025-06-30T09:16:57+00:00\" \/>\n<meta property=\"og:image\" content=\"https:\/\/www.novotek.com\/dk\/wp-content\/uploads\/sites\/4\/News\/2021-event-digital-waste-02.jpg\" \/>\n\t<meta property=\"og:image:width\" content=\"1100\" \/>\n\t<meta property=\"og:image:height\" content=\"357\" \/>\n\t<meta property=\"og:image:type\" content=\"image\/jpeg\" \/>\n<meta name=\"author\" content=\"NovotekDenmark\" \/>\n<meta name=\"twitter:card\" content=\"summary_large_image\" \/>\n<meta name=\"twitter:label1\" content=\"Skrevet af\" \/>\n\t<meta name=\"twitter:data1\" content=\"NovotekDenmark\" \/>\n\t<meta name=\"twitter:label2\" content=\"Estimeret l\u00e6setid\" \/>\n\t<meta name=\"twitter:data2\" content=\"2 minutter\" \/>\n<script type=\"application\/ld+json\" class=\"yoast-schema-graph\">{\"@context\":\"https:\\\/\\\/schema.org\",\"@graph\":[{\"@type\":\"Article\",\"@id\":\"https:\\\/\\\/www.novotek.com\\\/dk\\\/nyheder\\\/skaber-du-digitalt-affald-i-clouden\\\/#article\",\"isPartOf\":{\"@id\":\"https:\\\/\\\/www.novotek.com\\\/dk\\\/nyheder\\\/skaber-du-digitalt-affald-i-clouden\\\/\"},\"author\":{\"name\":\"NovotekDenmark\",\"@id\":\"https:\\\/\\\/www.novotek.com\\\/dk\\\/#\\\/schema\\\/person\\\/49d40e22efcdae7cab00e1d2f308a852\"},\"headline\":\"Skaber du digitalt affald i clouden?\",\"datePublished\":\"2021-10-13T13:31:26+00:00\",\"dateModified\":\"2025-06-30T09:16:57+00:00\",\"mainEntityOfPage\":{\"@id\":\"https:\\\/\\\/www.novotek.com\\\/dk\\\/nyheder\\\/skaber-du-digitalt-affald-i-clouden\\\/\"},\"wordCount\":228,\"commentCount\":0,\"publisher\":{\"@id\":\"https:\\\/\\\/www.novotek.com\\\/dk\\\/#organization\"},\"image\":{\"@id\":\"https:\\\/\\\/www.novotek.com\\\/dk\\\/nyheder\\\/skaber-du-digitalt-affald-i-clouden\\\/#primaryimage\"},\"thumbnailUrl\":\"https:\\\/\\\/www.novotek.com\\\/dk\\\/wp-content\\\/uploads\\\/sites\\\/4\\\/News\\\/2021-event-digital-waste-02-1024x332.jpg\",\"articleSection\":[\"Event\"],\"inLanguage\":\"da-DK\"},{\"@type\":\"WebPage\",\"@id\":\"https:\\\/\\\/www.novotek.com\\\/dk\\\/nyheder\\\/skaber-du-digitalt-affald-i-clouden\\\/\",\"url\":\"https:\\\/\\\/www.novotek.com\\\/dk\\\/nyheder\\\/skaber-du-digitalt-affald-i-clouden\\\/\",\"name\":\"Skaber du digitalt affald i clouden? - Novotek Danmark\",\"isPartOf\":{\"@id\":\"https:\\\/\\\/www.novotek.com\\\/dk\\\/#website\"},\"primaryImageOfPage\":{\"@id\":\"https:\\\/\\\/www.novotek.com\\\/dk\\\/nyheder\\\/skaber-du-digitalt-affald-i-clouden\\\/#primaryimage\"},\"image\":{\"@id\":\"https:\\\/\\\/www.novotek.com\\\/dk\\\/nyheder\\\/skaber-du-digitalt-affald-i-clouden\\\/#primaryimage\"},\"thumbnailUrl\":\"https:\\\/\\\/www.novotek.com\\\/dk\\\/wp-content\\\/uploads\\\/sites\\\/4\\\/News\\\/2021-event-digital-waste-02-1024x332.jpg\",\"datePublished\":\"2021-10-13T13:31:26+00:00\",\"dateModified\":\"2025-06-30T09:16:57+00:00\",\"description\":\"Deltag i vores 60 min Data Fit For Purpose-tr\u00e6ning!L\u00f8b din digitaliserings mission i gang og f\u00e5 \u00e6gte v\u00e6rdi fra dine data!\",\"breadcrumb\":{\"@id\":\"https:\\\/\\\/www.novotek.com\\\/dk\\\/nyheder\\\/skaber-du-digitalt-affald-i-clouden\\\/#breadcrumb\"},\"inLanguage\":\"da-DK\",\"potentialAction\":[{\"@type\":\"ReadAction\",\"target\":[\"https:\\\/\\\/www.novotek.com\\\/dk\\\/nyheder\\\/skaber-du-digitalt-affald-i-clouden\\\/\"]}]},{\"@type\":\"ImageObject\",\"inLanguage\":\"da-DK\",\"@id\":\"https:\\\/\\\/www.novotek.com\\\/dk\\\/nyheder\\\/skaber-du-digitalt-affald-i-clouden\\\/#primaryimage\",\"url\":\"https:\\\/\\\/www.novotek.com\\\/dk\\\/wp-content\\\/uploads\\\/sites\\\/4\\\/News\\\/2021-event-digital-waste-02.jpg\",\"contentUrl\":\"https:\\\/\\\/www.novotek.com\\\/dk\\\/wp-content\\\/uploads\\\/sites\\\/4\\\/News\\\/2021-event-digital-waste-02.jpg\",\"width\":1100,\"height\":357},{\"@type\":\"BreadcrumbList\",\"@id\":\"https:\\\/\\\/www.novotek.com\\\/dk\\\/nyheder\\\/skaber-du-digitalt-affald-i-clouden\\\/#breadcrumb\",\"itemListElement\":[{\"@type\":\"ListItem\",\"position\":1,\"name\":\"Home\",\"item\":\"https:\\\/\\\/www.novotek.com\\\/dk\\\/\"},{\"@type\":\"ListItem\",\"position\":2,\"name\":\"Skaber du digitalt affald i clouden?\"}]},{\"@type\":\"WebSite\",\"@id\":\"https:\\\/\\\/www.novotek.com\\\/dk\\\/#website\",\"url\":\"https:\\\/\\\/www.novotek.com\\\/dk\\\/\",\"name\":\"Novotek Danmark\",\"description\":\"Automation, digitalisering og analyse\",\"publisher\":{\"@id\":\"https:\\\/\\\/www.novotek.com\\\/dk\\\/#organization\"},\"potentialAction\":[{\"@type\":\"SearchAction\",\"target\":{\"@type\":\"EntryPoint\",\"urlTemplate\":\"https:\\\/\\\/www.novotek.com\\\/dk\\\/?s={search_term_string}\"},\"query-input\":{\"@type\":\"PropertyValueSpecification\",\"valueRequired\":true,\"valueName\":\"search_term_string\"}}],\"inLanguage\":\"da-DK\"},{\"@type\":\"Organization\",\"@id\":\"https:\\\/\\\/www.novotek.com\\\/dk\\\/#organization\",\"name\":\"Novotek Danmark\",\"url\":\"https:\\\/\\\/www.novotek.com\\\/dk\\\/\",\"logo\":{\"@type\":\"ImageObject\",\"inLanguage\":\"da-DK\",\"@id\":\"https:\\\/\\\/www.novotek.com\\\/dk\\\/#\\\/schema\\\/logo\\\/image\\\/\",\"url\":\"https:\\\/\\\/www.novotek.com\\\/dk\\\/wp-content\\\/uploads\\\/sites\\\/4\\\/Denmark_files\\\/novotek-logotyp-rgb-pos.png\",\"contentUrl\":\"https:\\\/\\\/www.novotek.com\\\/dk\\\/wp-content\\\/uploads\\\/sites\\\/4\\\/Denmark_files\\\/novotek-logotyp-rgb-pos.png\",\"width\":1794,\"height\":520,\"caption\":\"Novotek Danmark\"},\"image\":{\"@id\":\"https:\\\/\\\/www.novotek.com\\\/dk\\\/#\\\/schema\\\/logo\\\/image\\\/\"},\"sameAs\":[\"https:\\\/\\\/www.linkedin.com\\\/company\\\/novotek-denmark\",\"https:\\\/\\\/www.youtube.com\\\/user\\\/NovotekCorp\"]},{\"@type\":\"Person\",\"@id\":\"https:\\\/\\\/www.novotek.com\\\/dk\\\/#\\\/schema\\\/person\\\/49d40e22efcdae7cab00e1d2f308a852\",\"name\":\"NovotekDenmark\",\"image\":{\"@type\":\"ImageObject\",\"inLanguage\":\"da-DK\",\"@id\":\"https:\\\/\\\/secure.gravatar.com\\\/avatar\\\/f5825ae70a8ecd55a06d42f798bc272ea70038628ac754336213920f350a02fe?s=96&d=mm&r=g\",\"url\":\"https:\\\/\\\/secure.gravatar.com\\\/avatar\\\/f5825ae70a8ecd55a06d42f798bc272ea70038628ac754336213920f350a02fe?s=96&d=mm&r=g\",\"contentUrl\":\"https:\\\/\\\/secure.gravatar.com\\\/avatar\\\/f5825ae70a8ecd55a06d42f798bc272ea70038628ac754336213920f350a02fe?s=96&d=mm&r=g\",\"caption\":\"NovotekDenmark\"},\"url\":\"https:\\\/\\\/www.novotek.com\\\/dk\\\/nyheder\\\/author\\\/camillahovmand\\\/\"}]}<\/script>\n<!-- \/ Yoast SEO plugin. -->","yoast_head_json":{"title":"Skaber du digitalt affald i clouden? - Novotek Danmark","description":"Deltag i vores 60 min Data Fit For Purpose-tr\u00e6ning!L\u00f8b din digitaliserings mission i gang og f\u00e5 \u00e6gte v\u00e6rdi fra dine data!","robots":{"index":"index","follow":"follow","max-snippet":"max-snippet:-1","max-image-preview":"max-image-preview:large","max-video-preview":"max-video-preview:-1"},"canonical":"https:\/\/www.novotek.com\/dk\/nyheder\/skaber-du-digitalt-affald-i-clouden\/","og_locale":"da_DK","og_type":"article","og_title":"Skaber du digitalt affald i clouden? - Novotek Danmark","og_description":"Deltag i vores 60 min Data Fit For Purpose-tr\u00e6ning!L\u00f8b din digitaliserings mission i gang og f\u00e5 \u00e6gte v\u00e6rdi fra dine data!","og_url":"https:\/\/www.novotek.com\/dk\/nyheder\/skaber-du-digitalt-affald-i-clouden\/","og_site_name":"Novotek Danmark","article_published_time":"2021-10-13T13:31:26+00:00","article_modified_time":"2025-06-30T09:16:57+00:00","og_image":[{"width":1100,"height":357,"url":"https:\/\/www.novotek.com\/dk\/wp-content\/uploads\/sites\/4\/News\/2021-event-digital-waste-02.jpg","type":"image\/jpeg"}],"author":"NovotekDenmark","twitter_card":"summary_large_image","twitter_misc":{"Skrevet af":"NovotekDenmark","Estimeret l\u00e6setid":"2 minutter"},"schema":{"@context":"https:\/\/schema.org","@graph":[{"@type":"Article","@id":"https:\/\/www.novotek.com\/dk\/nyheder\/skaber-du-digitalt-affald-i-clouden\/#article","isPartOf":{"@id":"https:\/\/www.novotek.com\/dk\/nyheder\/skaber-du-digitalt-affald-i-clouden\/"},"author":{"name":"NovotekDenmark","@id":"https:\/\/www.novotek.com\/dk\/#\/schema\/person\/49d40e22efcdae7cab00e1d2f308a852"},"headline":"Skaber du digitalt affald i clouden?","datePublished":"2021-10-13T13:31:26+00:00","dateModified":"2025-06-30T09:16:57+00:00","mainEntityOfPage":{"@id":"https:\/\/www.novotek.com\/dk\/nyheder\/skaber-du-digitalt-affald-i-clouden\/"},"wordCount":228,"commentCount":0,"publisher":{"@id":"https:\/\/www.novotek.com\/dk\/#organization"},"image":{"@id":"https:\/\/www.novotek.com\/dk\/nyheder\/skaber-du-digitalt-affald-i-clouden\/#primaryimage"},"thumbnailUrl":"https:\/\/www.novotek.com\/dk\/wp-content\/uploads\/sites\/4\/News\/2021-event-digital-waste-02-1024x332.jpg","articleSection":["Event"],"inLanguage":"da-DK"},{"@type":"WebPage","@id":"https:\/\/www.novotek.com\/dk\/nyheder\/skaber-du-digitalt-affald-i-clouden\/","url":"https:\/\/www.novotek.com\/dk\/nyheder\/skaber-du-digitalt-affald-i-clouden\/","name":"Skaber du digitalt affald i clouden? - Novotek Danmark","isPartOf":{"@id":"https:\/\/www.novotek.com\/dk\/#website"},"primaryImageOfPage":{"@id":"https:\/\/www.novotek.com\/dk\/nyheder\/skaber-du-digitalt-affald-i-clouden\/#primaryimage"},"image":{"@id":"https:\/\/www.novotek.com\/dk\/nyheder\/skaber-du-digitalt-affald-i-clouden\/#primaryimage"},"thumbnailUrl":"https:\/\/www.novotek.com\/dk\/wp-content\/uploads\/sites\/4\/News\/2021-event-digital-waste-02-1024x332.jpg","datePublished":"2021-10-13T13:31:26+00:00","dateModified":"2025-06-30T09:16:57+00:00","description":"Deltag i vores 60 min Data Fit For Purpose-tr\u00e6ning!L\u00f8b din digitaliserings mission i gang og f\u00e5 \u00e6gte v\u00e6rdi fra dine data!","breadcrumb":{"@id":"https:\/\/www.novotek.com\/dk\/nyheder\/skaber-du-digitalt-affald-i-clouden\/#breadcrumb"},"inLanguage":"da-DK","potentialAction":[{"@type":"ReadAction","target":["https:\/\/www.novotek.com\/dk\/nyheder\/skaber-du-digitalt-affald-i-clouden\/"]}]},{"@type":"ImageObject","inLanguage":"da-DK","@id":"https:\/\/www.novotek.com\/dk\/nyheder\/skaber-du-digitalt-affald-i-clouden\/#primaryimage","url":"https:\/\/www.novotek.com\/dk\/wp-content\/uploads\/sites\/4\/News\/2021-event-digital-waste-02.jpg","contentUrl":"https:\/\/www.novotek.com\/dk\/wp-content\/uploads\/sites\/4\/News\/2021-event-digital-waste-02.jpg","width":1100,"height":357},{"@type":"BreadcrumbList","@id":"https:\/\/www.novotek.com\/dk\/nyheder\/skaber-du-digitalt-affald-i-clouden\/#breadcrumb","itemListElement":[{"@type":"ListItem","position":1,"name":"Home","item":"https:\/\/www.novotek.com\/dk\/"},{"@type":"ListItem","position":2,"name":"Skaber du digitalt affald i clouden?"}]},{"@type":"WebSite","@id":"https:\/\/www.novotek.com\/dk\/#website","url":"https:\/\/www.novotek.com\/dk\/","name":"Novotek Danmark","description":"Automation, digitalisering og analyse","publisher":{"@id":"https:\/\/www.novotek.com\/dk\/#organization"},"potentialAction":[{"@type":"SearchAction","target":{"@type":"EntryPoint","urlTemplate":"https:\/\/www.novotek.com\/dk\/?s={search_term_string}"},"query-input":{"@type":"PropertyValueSpecification","valueRequired":true,"valueName":"search_term_string"}}],"inLanguage":"da-DK"},{"@type":"Organization","@id":"https:\/\/www.novotek.com\/dk\/#organization","name":"Novotek Danmark","url":"https:\/\/www.novotek.com\/dk\/","logo":{"@type":"ImageObject","inLanguage":"da-DK","@id":"https:\/\/www.novotek.com\/dk\/#\/schema\/logo\/image\/","url":"https:\/\/www.novotek.com\/dk\/wp-content\/uploads\/sites\/4\/Denmark_files\/novotek-logotyp-rgb-pos.png","contentUrl":"https:\/\/www.novotek.com\/dk\/wp-content\/uploads\/sites\/4\/Denmark_files\/novotek-logotyp-rgb-pos.png","width":1794,"height":520,"caption":"Novotek Danmark"},"image":{"@id":"https:\/\/www.novotek.com\/dk\/#\/schema\/logo\/image\/"},"sameAs":["https:\/\/www.linkedin.com\/company\/novotek-denmark","https:\/\/www.youtube.com\/user\/NovotekCorp"]},{"@type":"Person","@id":"https:\/\/www.novotek.com\/dk\/#\/schema\/person\/49d40e22efcdae7cab00e1d2f308a852","name":"NovotekDenmark","image":{"@type":"ImageObject","inLanguage":"da-DK","@id":"https:\/\/secure.gravatar.com\/avatar\/f5825ae70a8ecd55a06d42f798bc272ea70038628ac754336213920f350a02fe?s=96&d=mm&r=g","url":"https:\/\/secure.gravatar.com\/avatar\/f5825ae70a8ecd55a06d42f798bc272ea70038628ac754336213920f350a02fe?s=96&d=mm&r=g","contentUrl":"https:\/\/secure.gravatar.com\/avatar\/f5825ae70a8ecd55a06d42f798bc272ea70038628ac754336213920f350a02fe?s=96&d=mm&r=g","caption":"NovotekDenmark"},"url":"https:\/\/www.novotek.com\/dk\/nyheder\/author\/camillahovmand\/"}]}},"_links":{"self":[{"href":"https:\/\/www.novotek.com\/dk\/wp-json\/wp\/v2\/posts\/2206","targetHints":{"allow":["GET"]}}],"collection":[{"href":"https:\/\/www.novotek.com\/dk\/wp-json\/wp\/v2\/posts"}],"about":[{"href":"https:\/\/www.novotek.com\/dk\/wp-json\/wp\/v2\/types\/post"}],"author":[{"embeddable":true,"href":"https:\/\/www.novotek.com\/dk\/wp-json\/wp\/v2\/users\/6"}],"replies":[{"embeddable":true,"href":"https:\/\/www.novotek.com\/dk\/wp-json\/wp\/v2\/comments?post=2206"}],"version-history":[{"count":14,"href":"https:\/\/www.novotek.com\/dk\/wp-json\/wp\/v2\/posts\/2206\/revisions"}],"predecessor-version":[{"id":10887,"href":"https:\/\/www.novotek.com\/dk\/wp-json\/wp\/v2\/posts\/2206\/revisions\/10887"}],"wp:attachment":[{"href":"https:\/\/www.novotek.com\/dk\/wp-json\/wp\/v2\/media?parent=2206"}],"wp:term":[{"taxonomy":"category","embeddable":true,"href":"https:\/\/www.novotek.com\/dk\/wp-json\/wp\/v2\/categories?post=2206"},{"taxonomy":"post_tag","embeddable":true,"href":"https:\/\/www.novotek.com\/dk\/wp-json\/wp\/v2\/tags?post=2206"}],"curies":[{"name":"wp","href":"https:\/\/api.w.org\/{rel}","templated":true}]}}