{"id":15295,"date":"2024-08-26T10:05:07","date_gmt":"2024-08-26T10:05:07","guid":{"rendered":"https:\/\/www.novotek.com\/se\/?p=15295"},"modified":"2024-12-09T08:56:07","modified_gmt":"2024-12-09T08:56:07","slug":"tva-nya-novotekare-i-teamet","status":"publish","type":"post","link":"https:\/\/www.novotek.com\/se\/nyheter\/tva-nya-novotekare-i-teamet\/","title":{"rendered":"Tv\u00e5 nya Novotekare i teamet"},"content":{"rendered":"<div class=\"container-md paragraph  \">\n<p><strong><strong>Under sommarm\u00e5naderna har vi kunnat v\u00e4lkomna tv\u00e5 nya medarbetare &#8211; Albin (<em>Industrial IT Solution Architect<\/em>) och Stina (<em>Accountant<\/em>)! <\/strong>H\u00e4r f\u00e5r du m\u00f6jlighet att l\u00e4ra k\u00e4nna b\u00e5da lite b\u00e4ttre<\/strong>. <strong>Vad har de f\u00f6r bakgrund, vad inneb\u00e4r deras nya roller och vad tycker de om f\u00f6rsta tiden hos oss?<\/strong><\/p>\n<\/div>\n\n<div class=\"container-md spacer  \">\n<div style=\"height:30px\" aria-hidden=\"true\" class=\"wp-block-spacer\"><\/div>\n<\/div>\n\n<div class=\"container media-text  align\">\n<div class=\"wp-block-media-text has-media-on-the-right is-stacked-on-mobile\" style=\"grid-template-columns:auto 46%\"><div class=\"wp-block-media-text__content\"><div class=\"container-md heading  \">\n<h4 class=\"wp-block-heading has-text-color\" id=\"h-hur-fungerar-intelligence-hub\" style=\"color:#6f7c83\">Albin,<em> Industrial IT Solution Architect<\/em><\/h4>\n<\/div>\n\n<div class=\"container-md paragraph  \">\n<p><strong>Albin b\u00f6rjade p\u00e5 v\u00e5rt kontor i Eskilstuna i augusti. Han \u00e4r ett efterl\u00e4ngtat tillskott som kommer st\u00f6tta upp resten av teamet!<\/strong><\/p>\n<\/div>\n\n<div class=\"container-md spacer  \">\n<div style=\"height:30px\" aria-hidden=\"true\" class=\"wp-block-spacer\"><\/div>\n<\/div>\n\n<div class=\"container-md heading  \">\n<h5 class=\"wp-block-heading\" id=\"h-highbytes-intelligence-hub-ar-gjord-for-industri\">Albin ber\u00e4ttar: <\/h5>\n<\/div>\n\n<div class=\"container-md paragraph  \">\n<p>Jag tog examen fr\u00e5n M\u00e4lardalens universitet i V\u00e4ster\u00e5s i juni, med en kandidat i datavetenskap. Mina intressen best\u00e5r till stor del av discgolf och Ultimate Frisbee! Och sen gillar jag dataspel med. <\/p>\n<\/div>\n\n<div class=\"container-md spacer  \">\n<div style=\"height:15px\" aria-hidden=\"true\" class=\"wp-block-spacer\"><\/div>\n<\/div>\n\n<div class=\"container-md quote  \">\n<blockquote class=\"wp-block-quote is-layout-flow wp-block-quote-is-layout-flow\"><div class=\"container-md paragraph  \">\n<p>Alla jag tr\u00e4ffat p\u00e5 Novotek har varit trevliga, vilket har gett mig en bra k\u00e4nsla \u00f6ver min f\u00f6rsta heltidstj\u00e4nst! Jag gillar att jobbet verkar varierat och att man kan styra mycket sj\u00e4lv baserat p\u00e5 intresse.<\/p>\n<\/div><\/blockquote>\n<\/div><\/div><figure class=\"wp-block-media-text__media\"><img loading=\"lazy\" decoding=\"async\" width=\"1024\" height=\"1024\" src=\"https:\/\/www.novotek.com\/se\/wp-content\/uploads\/sites\/2\/sites\/2\/Startpage\/News\/Empolyer_Branding\/IMG_9088-2-Albin-2-1024x1024.jpg\" alt=\"Tv\u00e5 nya Novotekare - Albin - Industrial IT Solution Architect\" class=\"wp-image-15312 size-full\" srcset=\"https:\/\/www.novotek.com\/se\/wp-content\/uploads\/sites\/2\/Startpage\/News\/Empolyer_Branding\/IMG_9088-2-Albin-2-1024x1024.jpg 1024w, https:\/\/www.novotek.com\/se\/wp-content\/uploads\/sites\/2\/Startpage\/News\/Empolyer_Branding\/IMG_9088-2-Albin-2-300x300.jpg 300w, https:\/\/www.novotek.com\/se\/wp-content\/uploads\/sites\/2\/Startpage\/News\/Empolyer_Branding\/IMG_9088-2-Albin-2-150x150.jpg 150w, https:\/\/www.novotek.com\/se\/wp-content\/uploads\/sites\/2\/Startpage\/News\/Empolyer_Branding\/IMG_9088-2-Albin-2-768x768.jpg 768w, https:\/\/www.novotek.com\/se\/wp-content\/uploads\/sites\/2\/Startpage\/News\/Empolyer_Branding\/IMG_9088-2-Albin-2-1536x1536.jpg 1536w, https:\/\/www.novotek.com\/se\/wp-content\/uploads\/sites\/2\/Startpage\/News\/Empolyer_Branding\/IMG_9088-2-Albin-2-2048x2048.jpg 2048w, https:\/\/www.novotek.com\/se\/wp-content\/uploads\/sites\/2\/Startpage\/News\/Empolyer_Branding\/IMG_9088-2-Albin-2-86x86.jpg 86w, https:\/\/www.novotek.com\/se\/wp-content\/uploads\/sites\/2\/Startpage\/News\/Empolyer_Branding\/IMG_9088-2-Albin-2-306x306.jpg 306w, https:\/\/www.novotek.com\/se\/wp-content\/uploads\/sites\/2\/Startpage\/News\/Empolyer_Branding\/IMG_9088-2-Albin-2-636x636.jpg 636w, https:\/\/www.novotek.com\/se\/wp-content\/uploads\/sites\/2\/Startpage\/News\/Empolyer_Branding\/IMG_9088-2-Albin-2-1632x1632.jpg 1632w\" sizes=\"auto, (max-width: 1024px) 100vw, 1024px\" \/><\/figure><\/div>\n<\/div>\n\n<div class=\"container-md spacer  \">\n<div style=\"height:20px\" aria-hidden=\"true\" class=\"wp-block-spacer\"><\/div>\n<\/div>\n\n<div class=\"container media-text  align\">\n<div class=\"wp-block-media-text is-stacked-on-mobile\" style=\"grid-template-columns:46% auto\"><figure class=\"wp-block-media-text__media\"><img loading=\"lazy\" decoding=\"async\" width=\"1000\" height=\"1000\" src=\"https:\/\/www.novotek.com\/se\/wp-content\/uploads\/sites\/2\/sites\/2\/Startpage\/News\/Empolyer_Branding\/IMG_9345-bluradjustments-4-forWIN.jpg\" alt=\"Tv\u00e5 nya Novotekare - Stina - Accountant\" class=\"wp-image-15313 size-full\" srcset=\"https:\/\/www.novotek.com\/se\/wp-content\/uploads\/sites\/2\/Startpage\/News\/Empolyer_Branding\/IMG_9345-bluradjustments-4-forWIN.jpg 1000w, https:\/\/www.novotek.com\/se\/wp-content\/uploads\/sites\/2\/Startpage\/News\/Empolyer_Branding\/IMG_9345-bluradjustments-4-forWIN-300x300.jpg 300w, https:\/\/www.novotek.com\/se\/wp-content\/uploads\/sites\/2\/Startpage\/News\/Empolyer_Branding\/IMG_9345-bluradjustments-4-forWIN-150x150.jpg 150w, https:\/\/www.novotek.com\/se\/wp-content\/uploads\/sites\/2\/Startpage\/News\/Empolyer_Branding\/IMG_9345-bluradjustments-4-forWIN-768x768.jpg 768w, https:\/\/www.novotek.com\/se\/wp-content\/uploads\/sites\/2\/Startpage\/News\/Empolyer_Branding\/IMG_9345-bluradjustments-4-forWIN-86x86.jpg 86w, https:\/\/www.novotek.com\/se\/wp-content\/uploads\/sites\/2\/Startpage\/News\/Empolyer_Branding\/IMG_9345-bluradjustments-4-forWIN-306x306.jpg 306w, https:\/\/www.novotek.com\/se\/wp-content\/uploads\/sites\/2\/Startpage\/News\/Empolyer_Branding\/IMG_9345-bluradjustments-4-forWIN-636x636.jpg 636w\" sizes=\"auto, (max-width: 1000px) 100vw, 1000px\" \/><\/figure><div class=\"wp-block-media-text__content\"><div class=\"container-md heading  \">\n<h4 class=\"wp-block-heading has-text-color\" id=\"h-hur-fungerar-intelligence-hub\" style=\"color:#6f7c83\">Stina, <em>Accountant<\/em><\/h4>\n<\/div>\n\n<div class=\"container-md paragraph  \">\n<p><strong>Stina har flera \u00e5rs erfarenhet inom ekonomi och har bland annat jobbat p\u00e5 Isadora, Parkster och Aspia. Hon finns nu p\u00e5 v\u00e5rt huvudkontor i Malm\u00f6 som Accountant. <\/strong><\/p>\n<\/div>\n\n<div class=\"container-md spacer  \">\n<div style=\"height:30px\" aria-hidden=\"true\" class=\"wp-block-spacer\"><\/div>\n<\/div>\n\n<div class=\"container-md paragraph  \">\n<p><strong>Stina ber\u00e4ttar:<\/strong><\/p>\n<\/div>\n\n<div class=\"container-md paragraph  \">\n<p>Jag har l\u00e4st ekonomi sedan gymnasiet och har en kandidatexamen i &#8221;Redovisning &amp; Revision&#8221; fr\u00e5n H\u00f6gskolan Kristianstad. P\u00e5 fritiden tycker jag om att resa, nya matupplevelser och att vara aktiv! <\/p>\n<\/div>\n\n<div class=\"container-md spacer  \">\n<div style=\"height:10px\" aria-hidden=\"true\" class=\"wp-block-spacer\"><\/div>\n<\/div>\n\n<div class=\"container-md quote  \">\n<blockquote class=\"wp-block-quote is-layout-flow wp-block-quote-is-layout-flow\"><div class=\"container-md paragraph  \">\n<p>Jag gillar att det \u00e4r en varierande och bred roll d\u00e4r jag f\u00e5r vara med i hela det ekonomiska fl\u00f6det. Sedan passar siffrorna, strukturen och ordning och reda mig som handen i handsken! <\/p>\n<\/div><\/blockquote>\n<\/div><\/div><\/div>\n<\/div>\n\n<div class=\"container-md spacer  \">\n<div style=\"height:40px\" aria-hidden=\"true\" class=\"wp-block-spacer\"><\/div>\n<\/div>\n\n<div class=\"container-md columns  alignwide\">\n<div class=\"wp-block-columns alignwide has-background is-layout-flex wp-container-core-columns-is-layout-9d6595d7 wp-block-columns-is-layout-flex\" style=\"background-color:#6f7b82ba\"><div class=\"container-md column  \">\n<div class=\"wp-block-column is-layout-flow wp-block-column-is-layout-flow\" style=\"flex-basis:25%\"><\/div>\n<\/div>\n\n<div class=\"container-md column  \">\n<div class=\"wp-block-column is-layout-flow wp-block-column-is-layout-flow\" style=\"flex-basis:50%\"><div class=\"container-md spacer  \">\n<div style=\"height:35px\" aria-hidden=\"true\" class=\"wp-block-spacer\"><\/div>\n<\/div>\n\n<div class=\"container-md paragraph  aligncenter\">\n<p class=\"has-text-align-center has-white-color has-text-color has-link-color has-medium-font-size wp-elements-a9f146b14f8a34337027737a5b166dfb\"><a href=\"https:\/\/www.novotek.com\/se\/om-oss\/jobba-hos-oss\/hos-oss-far-du-vaxa-hos-oss-vill-du-stanna\/\" target=\"_blank\" rel=\"noreferrer noopener\"><strong>L\u00e4s om fler medarbetare p\u00e5 Novotek<\/strong><\/a><\/p>\n<\/div>\n\n<div class=\"container-md image  \">\n<figure class=\"wp-block-image size-large\"><img loading=\"lazy\" decoding=\"async\" width=\"1024\" height=\"168\" src=\"https:\/\/www.novotek.com\/se\/wp-content\/uploads\/sites\/2\/sites\/2\/Om_oss\/Jobba-hos-oss\/Hos-oss-f\u00e5r-du-v\u00e4xa\/Growth-illustration-smaller-1024x168.png\" alt=\"\" class=\"wp-image-12332\" srcset=\"https:\/\/www.novotek.com\/se\/wp-content\/uploads\/sites\/2\/Om_oss\/Jobba-hos-oss\/Hos-oss-f\u00e5r-du-v\u00e4xa\/Growth-illustration-smaller-1024x168.png 1024w, https:\/\/www.novotek.com\/se\/wp-content\/uploads\/sites\/2\/Om_oss\/Jobba-hos-oss\/Hos-oss-f\u00e5r-du-v\u00e4xa\/Growth-illustration-smaller-300x49.png 300w, https:\/\/www.novotek.com\/se\/wp-content\/uploads\/sites\/2\/Om_oss\/Jobba-hos-oss\/Hos-oss-f\u00e5r-du-v\u00e4xa\/Growth-illustration-smaller-768x126.png 768w, https:\/\/www.novotek.com\/se\/wp-content\/uploads\/sites\/2\/Om_oss\/Jobba-hos-oss\/Hos-oss-f\u00e5r-du-v\u00e4xa\/Growth-illustration-smaller.png 1183w\" sizes=\"auto, (max-width: 1024px) 100vw, 1024px\" \/><\/figure>\n<\/div><\/div>\n<\/div>\n\n<div class=\"container-md column  \">\n<div class=\"wp-block-column is-layout-flow wp-block-column-is-layout-flow\" style=\"flex-basis:25%\"><\/div>\n<\/div><\/div>\n<\/div>","protected":false},"excerpt":{"rendered":"<p>Under sommarm\u00e5naderna har vi kunnat v\u00e4lkomna tv\u00e5 nya medarbetare &#8211; Albin (Industrial IT Solution Architect) och Stina (Accountant)<\/p>\n","protected":false},"author":34,"featured_media":0,"comment_status":"closed","ping_status":"closed","sticky":false,"template":"","format":"standard","meta":{"_acf_changed":false,"_relevanssi_hide_post":"","_relevanssi_pin_for_all":"","_relevanssi_pin_keywords":"","_relevanssi_unpin_keywords":"","_relevanssi_related_keywords":"","_relevanssi_related_include_ids":"","_relevanssi_related_exclude_ids":"","_relevanssi_related_no_append":"","_relevanssi_related_not_related":"","_relevanssi_related_posts":"5343,8925,9355,13097,3405,12479","_relevanssi_noindex_reason":"","footnotes":""},"categories":[14],"tags":[],"class_list":["post-15295","post","type-post","status-publish","format-standard","hentry","category-vi-pa-novotek"],"acf":[],"yoast_head":"<!-- This site is optimized with the Yoast SEO plugin v27.5 - https:\/\/yoast.com\/product\/yoast-seo-wordpress\/ -->\n<title>Tv\u00e5 nya Novotekare i teamet - Novotek Sverige AB<\/title>\n<meta name=\"description\" content=\"Vi kan stolt presentera tv\u00e5 nya Novotekare i teamet - Albin och Stina! L\u00e4s mer om deras roller och intryck h\u00e4r.\" \/>\n<meta name=\"robots\" content=\"index, follow, max-snippet:-1, max-image-preview:large, max-video-preview:-1\" \/>\n<link rel=\"canonical\" href=\"https:\/\/www.novotek.com\/se\/nyheter\/tva-nya-novotekare-i-teamet\/\" \/>\n<meta property=\"og:locale\" content=\"sv_SE\" \/>\n<meta property=\"og:type\" content=\"article\" \/>\n<meta property=\"og:title\" content=\"Tv\u00e5 nya Novotekare i teamet - Novotek Sverige AB\" \/>\n<meta property=\"og:description\" content=\"Vi kan stolt presentera tv\u00e5 nya Novotekare i teamet - Albin och Stina! L\u00e4s mer om deras roller och intryck h\u00e4r.\" \/>\n<meta property=\"og:url\" content=\"https:\/\/www.novotek.com\/se\/nyheter\/tva-nya-novotekare-i-teamet\/\" \/>\n<meta property=\"og:site_name\" content=\"Novotek Sverige AB\" \/>\n<meta property=\"article:published_time\" content=\"2024-08-26T10:05:07+00:00\" \/>\n<meta property=\"article:modified_time\" content=\"2024-12-09T08:56:07+00:00\" \/>\n<meta property=\"og:image\" content=\"https:\/\/www.novotek.com\/se\/wp-content\/uploads\/sites\/2\/Startpage\/News\/Empolyer_Branding\/IMG_9088-2-Albin-2-scaled.jpg.webp\" \/>\n\t<meta property=\"og:image:width\" content=\"2560\" \/>\n\t<meta property=\"og:image:height\" content=\"2560\" \/>\n\t<meta property=\"og:image:type\" content=\"image\/jpeg\" \/>\n<meta name=\"author\" content=\"amandaagren\" \/>\n<meta name=\"twitter:card\" content=\"summary_large_image\" \/>\n<meta name=\"twitter:label1\" content=\"Skriven av\" \/>\n\t<meta name=\"twitter:data1\" content=\"amandaagren\" \/>\n\t<meta name=\"twitter:label2\" content=\"Ber\u00e4knad l\u00e4stid\" \/>\n\t<meta name=\"twitter:data2\" content=\"2 minuter\" \/>\n<script type=\"application\/ld+json\" class=\"yoast-schema-graph\">{\"@context\":\"https:\\\/\\\/schema.org\",\"@graph\":[{\"@type\":\"Article\",\"@id\":\"https:\\\/\\\/www.novotek.com\\\/se\\\/nyheter\\\/tva-nya-novotekare-i-teamet\\\/#article\",\"isPartOf\":{\"@id\":\"https:\\\/\\\/www.novotek.com\\\/se\\\/nyheter\\\/tva-nya-novotekare-i-teamet\\\/\"},\"author\":{\"name\":\"amandaagren\",\"@id\":\"https:\\\/\\\/www.novotek.com\\\/se\\\/#\\\/schema\\\/person\\\/d819bb4dc12ae0b19cf842d0bbfe8177\"},\"headline\":\"Tv\u00e5 nya Novotekare i teamet\",\"datePublished\":\"2024-08-26T10:05:07+00:00\",\"dateModified\":\"2024-12-09T08:56:07+00:00\",\"mainEntityOfPage\":{\"@id\":\"https:\\\/\\\/www.novotek.com\\\/se\\\/nyheter\\\/tva-nya-novotekare-i-teamet\\\/\"},\"wordCount\":283,\"image\":{\"@id\":\"https:\\\/\\\/www.novotek.com\\\/se\\\/nyheter\\\/tva-nya-novotekare-i-teamet\\\/#primaryimage\"},\"thumbnailUrl\":\"https:\\\/\\\/www.novotek.com\\\/se\\\/wp-content\\\/uploads\\\/sites\\\/2\\\/sites\\\/2\\\/Startpage\\\/News\\\/Empolyer_Branding\\\/IMG_9088-2-Albin-2-1024x1024.jpg\",\"articleSection\":[\"Vi p\u00e5 Novotek\"],\"inLanguage\":\"sv-SE\"},{\"@type\":\"WebPage\",\"@id\":\"https:\\\/\\\/www.novotek.com\\\/se\\\/nyheter\\\/tva-nya-novotekare-i-teamet\\\/\",\"url\":\"https:\\\/\\\/www.novotek.com\\\/se\\\/nyheter\\\/tva-nya-novotekare-i-teamet\\\/\",\"name\":\"Tv\u00e5 nya Novotekare i teamet - Novotek Sverige AB\",\"isPartOf\":{\"@id\":\"https:\\\/\\\/www.novotek.com\\\/se\\\/#website\"},\"primaryImageOfPage\":{\"@id\":\"https:\\\/\\\/www.novotek.com\\\/se\\\/nyheter\\\/tva-nya-novotekare-i-teamet\\\/#primaryimage\"},\"image\":{\"@id\":\"https:\\\/\\\/www.novotek.com\\\/se\\\/nyheter\\\/tva-nya-novotekare-i-teamet\\\/#primaryimage\"},\"thumbnailUrl\":\"https:\\\/\\\/www.novotek.com\\\/se\\\/wp-content\\\/uploads\\\/sites\\\/2\\\/sites\\\/2\\\/Startpage\\\/News\\\/Empolyer_Branding\\\/IMG_9088-2-Albin-2-1024x1024.jpg\",\"datePublished\":\"2024-08-26T10:05:07+00:00\",\"dateModified\":\"2024-12-09T08:56:07+00:00\",\"author\":{\"@id\":\"https:\\\/\\\/www.novotek.com\\\/se\\\/#\\\/schema\\\/person\\\/d819bb4dc12ae0b19cf842d0bbfe8177\"},\"description\":\"Vi kan stolt presentera tv\u00e5 nya Novotekare i teamet - Albin och Stina! L\u00e4s mer om deras roller och intryck h\u00e4r.\",\"breadcrumb\":{\"@id\":\"https:\\\/\\\/www.novotek.com\\\/se\\\/nyheter\\\/tva-nya-novotekare-i-teamet\\\/#breadcrumb\"},\"inLanguage\":\"sv-SE\",\"potentialAction\":[{\"@type\":\"ReadAction\",\"target\":[\"https:\\\/\\\/www.novotek.com\\\/se\\\/nyheter\\\/tva-nya-novotekare-i-teamet\\\/\"]}]},{\"@type\":\"ImageObject\",\"inLanguage\":\"sv-SE\",\"@id\":\"https:\\\/\\\/www.novotek.com\\\/se\\\/nyheter\\\/tva-nya-novotekare-i-teamet\\\/#primaryimage\",\"url\":\"https:\\\/\\\/www.novotek.com\\\/se\\\/wp-content\\\/uploads\\\/sites\\\/2\\\/Startpage\\\/News\\\/Empolyer_Branding\\\/IMG_9088-2-Albin-2-scaled.jpg.webp\",\"contentUrl\":\"https:\\\/\\\/www.novotek.com\\\/se\\\/wp-content\\\/uploads\\\/sites\\\/2\\\/Startpage\\\/News\\\/Empolyer_Branding\\\/IMG_9088-2-Albin-2-scaled.jpg.webp\",\"width\":2560,\"height\":2560,\"caption\":\"Tv\u00e5 nya Novotekare - Albin - Industrial IT Solution Architect\"},{\"@type\":\"BreadcrumbList\",\"@id\":\"https:\\\/\\\/www.novotek.com\\\/se\\\/nyheter\\\/tva-nya-novotekare-i-teamet\\\/#breadcrumb\",\"itemListElement\":[{\"@type\":\"ListItem\",\"position\":1,\"name\":\"Home\",\"item\":\"https:\\\/\\\/www.novotek.com\\\/se\\\/\"},{\"@type\":\"ListItem\",\"position\":2,\"name\":\"Tv\u00e5 nya Novotekare i teamet\"}]},{\"@type\":\"WebSite\",\"@id\":\"https:\\\/\\\/www.novotek.com\\\/se\\\/#website\",\"url\":\"https:\\\/\\\/www.novotek.com\\\/se\\\/\",\"name\":\"Novotek Sverige AB\",\"description\":\"Connect - Digitalize - Optimize\",\"potentialAction\":[{\"@type\":\"SearchAction\",\"target\":{\"@type\":\"EntryPoint\",\"urlTemplate\":\"https:\\\/\\\/www.novotek.com\\\/se\\\/?s={search_term_string}\"},\"query-input\":{\"@type\":\"PropertyValueSpecification\",\"valueRequired\":true,\"valueName\":\"search_term_string\"}}],\"inLanguage\":\"sv-SE\"},{\"@type\":\"Person\",\"@id\":\"https:\\\/\\\/www.novotek.com\\\/se\\\/#\\\/schema\\\/person\\\/d819bb4dc12ae0b19cf842d0bbfe8177\",\"name\":\"amandaagren\",\"image\":{\"@type\":\"ImageObject\",\"inLanguage\":\"sv-SE\",\"@id\":\"https:\\\/\\\/secure.gravatar.com\\\/avatar\\\/0467c5c6cd099daa9d79764d465d69ebc55c91e951510b0ad22d3abce03ab8c8?s=96&d=mm&r=g\",\"url\":\"https:\\\/\\\/secure.gravatar.com\\\/avatar\\\/0467c5c6cd099daa9d79764d465d69ebc55c91e951510b0ad22d3abce03ab8c8?s=96&d=mm&r=g\",\"contentUrl\":\"https:\\\/\\\/secure.gravatar.com\\\/avatar\\\/0467c5c6cd099daa9d79764d465d69ebc55c91e951510b0ad22d3abce03ab8c8?s=96&d=mm&r=g\",\"caption\":\"amandaagren\"},\"url\":\"https:\\\/\\\/www.novotek.com\\\/se\\\/nyheter\\\/author\\\/amandaagren\\\/\"}]}<\/script>\n<!-- \/ Yoast SEO plugin. -->","yoast_head_json":{"title":"Tv\u00e5 nya Novotekare i teamet - Novotek Sverige AB","description":"Vi kan stolt presentera tv\u00e5 nya Novotekare i teamet - Albin och Stina! L\u00e4s mer om deras roller och intryck h\u00e4r.","robots":{"index":"index","follow":"follow","max-snippet":"max-snippet:-1","max-image-preview":"max-image-preview:large","max-video-preview":"max-video-preview:-1"},"canonical":"https:\/\/www.novotek.com\/se\/nyheter\/tva-nya-novotekare-i-teamet\/","og_locale":"sv_SE","og_type":"article","og_title":"Tv\u00e5 nya Novotekare i teamet - Novotek Sverige AB","og_description":"Vi kan stolt presentera tv\u00e5 nya Novotekare i teamet - Albin och Stina! L\u00e4s mer om deras roller och intryck h\u00e4r.","og_url":"https:\/\/www.novotek.com\/se\/nyheter\/tva-nya-novotekare-i-teamet\/","og_site_name":"Novotek Sverige AB","article_published_time":"2024-08-26T10:05:07+00:00","article_modified_time":"2024-12-09T08:56:07+00:00","og_image":[{"width":2560,"height":2560,"url":"https:\/\/www.novotek.com\/se\/wp-content\/uploads\/sites\/2\/Startpage\/News\/Empolyer_Branding\/IMG_9088-2-Albin-2-scaled.jpg.webp","type":"image\/jpeg"}],"author":"amandaagren","twitter_card":"summary_large_image","twitter_misc":{"Skriven av":"amandaagren","Ber\u00e4knad l\u00e4stid":"2 minuter"},"schema":{"@context":"https:\/\/schema.org","@graph":[{"@type":"Article","@id":"https:\/\/www.novotek.com\/se\/nyheter\/tva-nya-novotekare-i-teamet\/#article","isPartOf":{"@id":"https:\/\/www.novotek.com\/se\/nyheter\/tva-nya-novotekare-i-teamet\/"},"author":{"name":"amandaagren","@id":"https:\/\/www.novotek.com\/se\/#\/schema\/person\/d819bb4dc12ae0b19cf842d0bbfe8177"},"headline":"Tv\u00e5 nya Novotekare i teamet","datePublished":"2024-08-26T10:05:07+00:00","dateModified":"2024-12-09T08:56:07+00:00","mainEntityOfPage":{"@id":"https:\/\/www.novotek.com\/se\/nyheter\/tva-nya-novotekare-i-teamet\/"},"wordCount":283,"image":{"@id":"https:\/\/www.novotek.com\/se\/nyheter\/tva-nya-novotekare-i-teamet\/#primaryimage"},"thumbnailUrl":"https:\/\/www.novotek.com\/se\/wp-content\/uploads\/sites\/2\/sites\/2\/Startpage\/News\/Empolyer_Branding\/IMG_9088-2-Albin-2-1024x1024.jpg","articleSection":["Vi p\u00e5 Novotek"],"inLanguage":"sv-SE"},{"@type":"WebPage","@id":"https:\/\/www.novotek.com\/se\/nyheter\/tva-nya-novotekare-i-teamet\/","url":"https:\/\/www.novotek.com\/se\/nyheter\/tva-nya-novotekare-i-teamet\/","name":"Tv\u00e5 nya Novotekare i teamet - Novotek Sverige AB","isPartOf":{"@id":"https:\/\/www.novotek.com\/se\/#website"},"primaryImageOfPage":{"@id":"https:\/\/www.novotek.com\/se\/nyheter\/tva-nya-novotekare-i-teamet\/#primaryimage"},"image":{"@id":"https:\/\/www.novotek.com\/se\/nyheter\/tva-nya-novotekare-i-teamet\/#primaryimage"},"thumbnailUrl":"https:\/\/www.novotek.com\/se\/wp-content\/uploads\/sites\/2\/sites\/2\/Startpage\/News\/Empolyer_Branding\/IMG_9088-2-Albin-2-1024x1024.jpg","datePublished":"2024-08-26T10:05:07+00:00","dateModified":"2024-12-09T08:56:07+00:00","author":{"@id":"https:\/\/www.novotek.com\/se\/#\/schema\/person\/d819bb4dc12ae0b19cf842d0bbfe8177"},"description":"Vi kan stolt presentera tv\u00e5 nya Novotekare i teamet - Albin och Stina! L\u00e4s mer om deras roller och intryck h\u00e4r.","breadcrumb":{"@id":"https:\/\/www.novotek.com\/se\/nyheter\/tva-nya-novotekare-i-teamet\/#breadcrumb"},"inLanguage":"sv-SE","potentialAction":[{"@type":"ReadAction","target":["https:\/\/www.novotek.com\/se\/nyheter\/tva-nya-novotekare-i-teamet\/"]}]},{"@type":"ImageObject","inLanguage":"sv-SE","@id":"https:\/\/www.novotek.com\/se\/nyheter\/tva-nya-novotekare-i-teamet\/#primaryimage","url":"https:\/\/www.novotek.com\/se\/wp-content\/uploads\/sites\/2\/Startpage\/News\/Empolyer_Branding\/IMG_9088-2-Albin-2-scaled.jpg.webp","contentUrl":"https:\/\/www.novotek.com\/se\/wp-content\/uploads\/sites\/2\/Startpage\/News\/Empolyer_Branding\/IMG_9088-2-Albin-2-scaled.jpg.webp","width":2560,"height":2560,"caption":"Tv\u00e5 nya Novotekare - Albin - Industrial IT Solution Architect"},{"@type":"BreadcrumbList","@id":"https:\/\/www.novotek.com\/se\/nyheter\/tva-nya-novotekare-i-teamet\/#breadcrumb","itemListElement":[{"@type":"ListItem","position":1,"name":"Home","item":"https:\/\/www.novotek.com\/se\/"},{"@type":"ListItem","position":2,"name":"Tv\u00e5 nya Novotekare i teamet"}]},{"@type":"WebSite","@id":"https:\/\/www.novotek.com\/se\/#website","url":"https:\/\/www.novotek.com\/se\/","name":"Novotek Sverige AB","description":"Connect - Digitalize - Optimize","potentialAction":[{"@type":"SearchAction","target":{"@type":"EntryPoint","urlTemplate":"https:\/\/www.novotek.com\/se\/?s={search_term_string}"},"query-input":{"@type":"PropertyValueSpecification","valueRequired":true,"valueName":"search_term_string"}}],"inLanguage":"sv-SE"},{"@type":"Person","@id":"https:\/\/www.novotek.com\/se\/#\/schema\/person\/d819bb4dc12ae0b19cf842d0bbfe8177","name":"amandaagren","image":{"@type":"ImageObject","inLanguage":"sv-SE","@id":"https:\/\/secure.gravatar.com\/avatar\/0467c5c6cd099daa9d79764d465d69ebc55c91e951510b0ad22d3abce03ab8c8?s=96&d=mm&r=g","url":"https:\/\/secure.gravatar.com\/avatar\/0467c5c6cd099daa9d79764d465d69ebc55c91e951510b0ad22d3abce03ab8c8?s=96&d=mm&r=g","contentUrl":"https:\/\/secure.gravatar.com\/avatar\/0467c5c6cd099daa9d79764d465d69ebc55c91e951510b0ad22d3abce03ab8c8?s=96&d=mm&r=g","caption":"amandaagren"},"url":"https:\/\/www.novotek.com\/se\/nyheter\/author\/amandaagren\/"}]}},"_links":{"self":[{"href":"https:\/\/www.novotek.com\/se\/wp-json\/wp\/v2\/posts\/15295","targetHints":{"allow":["GET"]}}],"collection":[{"href":"https:\/\/www.novotek.com\/se\/wp-json\/wp\/v2\/posts"}],"about":[{"href":"https:\/\/www.novotek.com\/se\/wp-json\/wp\/v2\/types\/post"}],"author":[{"embeddable":true,"href":"https:\/\/www.novotek.com\/se\/wp-json\/wp\/v2\/users\/34"}],"replies":[{"embeddable":true,"href":"https:\/\/www.novotek.com\/se\/wp-json\/wp\/v2\/comments?post=15295"}],"version-history":[{"count":25,"href":"https:\/\/www.novotek.com\/se\/wp-json\/wp\/v2\/posts\/15295\/revisions"}],"predecessor-version":[{"id":16399,"href":"https:\/\/www.novotek.com\/se\/wp-json\/wp\/v2\/posts\/15295\/revisions\/16399"}],"wp:attachment":[{"href":"https:\/\/www.novotek.com\/se\/wp-json\/wp\/v2\/media?parent=15295"}],"wp:term":[{"taxonomy":"category","embeddable":true,"href":"https:\/\/www.novotek.com\/se\/wp-json\/wp\/v2\/categories?post=15295"},{"taxonomy":"post_tag","embeddable":true,"href":"https:\/\/www.novotek.com\/se\/wp-json\/wp\/v2\/tags?post=15295"}],"curies":[{"name":"wp","href":"https:\/\/api.w.org\/{rel}","templated":true}]}}