{"id":8593,"date":"2022-10-10T12:40:12","date_gmt":"2022-10-10T12:40:12","guid":{"rendered":"https:\/\/www.novotek.com\/se\/?p=8593"},"modified":"2025-11-18T20:10:24","modified_gmt":"2025-11-18T20:10:24","slug":"novotek-firar-35-ar","status":"publish","type":"post","link":"https:\/\/www.novotek.com\/se\/nyheter\/novotek-firar-35-ar\/","title":{"rendered":"Novotek har firat 35 \u00e5r! (ett \u00e5r sent)"},"content":{"rendered":"<div class=\"container-md paragraph  \">\n<p><strong>F\u00f6r ungef\u00e4r tv\u00e5 veckor sedan var det \u00e4ntligen dags f\u00f6r Novotek att fira ett f\u00f6rsenat 35-\u00e5rs jubileum i Malm\u00f6! Ett firande d\u00e4r b\u00e5de v\u00e4lk\u00e4nda och nya kollegor och samarbetspartners fick m\u00f6tas tv\u00e4rs \u00f6ver landsgr\u00e4nserna.&nbsp;<\/strong><\/p>\n<\/div>\n\n<div class=\"container-md spacer  \">\n<div style=\"height:10px\" aria-hidden=\"true\" class=\"wp-block-spacer\"><\/div>\n<\/div>\n\n<div class=\"container-md paragraph  \">\n<p>Ett \u00e5r f\u00f6rsenat kunde vi \u00e4ntligen fira <a href=\"https:\/\/www.novotek.com\/se\/om-oss\/\" target=\"_blank\" rel=\"noreferrer noopener\">Novoteks<\/a> 35-\u00e5rs jubileum! Efter tv\u00e5 \u00e5r med restriktioner var gl\u00e4djen stor \u00f6ver att \u00e4ntligen f\u00e5 m\u00f6ta v\u00e5ra kollegor fr\u00e5n andra Novotek-l\u00e4nder ansikte mot ansikte, &#8211; f\u00f6r m\u00e5nga var det f\u00f6r f\u00f6rsta g\u00e5ngen. <\/p>\n<\/div>\n\n<div class=\"container-md paragraph  \">\n<p>N\u00e4rmre 150 Novotek-anst\u00e4llda fr\u00e5n 10 olika land deltog i firandet. I till\u00e4gg fick vi bes\u00f6k fr\u00e5n v\u00e5ra samarbetspartner fr\u00e5n <strong>GE Vernova<\/strong> og <strong><a href=\"https:\/\/auvesy-mdt.com\/en\/\" target=\"_blank\" rel=\"noreferrer noopener\">AUVESY-MDT<\/a><\/strong>, som hade \u00e5kt hela v\u00e4gen fr\u00e5n USA.<\/p>\n<\/div>\n\n<div class=\"container-md paragraph  \">\n<p>Kreativitet och innavtion var temat f\u00f6r v\u00e5rt 35-\u00e5rs jubileum och helgen var fullsp\u00e4ckad med b\u00e5de utbildande inneh\u00e5ll och trevliga aktiviteter. Det inkluderade bland annat f\u00f6redrag, workshops och en dagstur till K\u00f6penhamn, innan l\u00f6rdagskv\u00e4llen avslutades med galamiddag och festst\u00e4mning. <\/p>\n<\/div>\n\n<div class=\"container-md spacer  \">\n<div style=\"height:10px\" aria-hidden=\"true\" class=\"wp-block-spacer\"><\/div>\n<\/div>\n\n<div class=\"container-md image  \">\n<figure class=\"wp-block-image size-large\"><img loading=\"lazy\" decoding=\"async\" width=\"1024\" height=\"714\" src=\"https:\/\/www.novotek.com\/se\/wp-content\/uploads\/sites\/2\/sites\/2\/Novotek-Sverige-1024x714.jpg\" alt=\"\" class=\"wp-image-8594\" srcset=\"https:\/\/www.novotek.com\/se\/wp-content\/uploads\/sites\/2\/Novotek-Sverige-1024x714.jpg 1024w, https:\/\/www.novotek.com\/se\/wp-content\/uploads\/sites\/2\/Novotek-Sverige-300x209.jpg 300w, https:\/\/www.novotek.com\/se\/wp-content\/uploads\/sites\/2\/Novotek-Sverige-768x536.jpg 768w, https:\/\/www.novotek.com\/se\/wp-content\/uploads\/sites\/2\/Novotek-Sverige-1536x1072.jpg 1536w, https:\/\/www.novotek.com\/se\/wp-content\/uploads\/sites\/2\/Novotek-Sverige-2048x1429.jpg 2048w\" sizes=\"auto, (max-width: 1024px) 100vw, 1024px\" \/><\/figure>\n<\/div>\n\n<div class=\"container-md paragraph  aligncenter\">\n<p class=\"has-text-align-center has-small-font-size\"><strong>Novotek Sverige<br><\/strong>Foto: Thomas Hedemann.<\/p>\n<\/div>\n\n<div class=\"container-md spacer  \">\n<div style=\"height:10px\" aria-hidden=\"true\" class=\"wp-block-spacer\"><\/div>\n<\/div>\n\n<div class=\"container-md paragraph  \">\n<p>Nu \u00e4r vi tillbaka p\u00e5 kontoret med ny inspiration som vi tror kan komma till bra anv\u00e4ndning f\u00f6r v\u00e5ra kunder. En sak \u00e4r s\u00e4ker: Det h\u00e4nder mycket sp\u00e4nnande i branschen just nu! <\/p>\n<\/div>\n\n<div class=\"container-md paragraph  \">\n<p>Vi tackar f\u00f6r ett fantastiskt firande och l\u00e4ngtar redan till n\u00e4sta jubileum om fyra \u00e5r! <\/p>\n<\/div>","protected":false},"excerpt":{"rendered":"<p>\u00c4ntligen fick Novotek-l\u00e4nderna tr\u00e4ffas \u00f6ver landsgr\u00e4nserna igen och vilket firande det blev!<\/p>\n","protected":false},"author":34,"featured_media":0,"comment_status":"open","ping_status":"open","sticky":false,"template":"","format":"standard","meta":{"_acf_changed":false,"_relevanssi_hide_post":"","_relevanssi_pin_for_all":"","_relevanssi_pin_keywords":"","_relevanssi_unpin_keywords":"","_relevanssi_related_keywords":"","_relevanssi_related_include_ids":"","_relevanssi_related_exclude_ids":"","_relevanssi_related_no_append":"","_relevanssi_related_not_related":"","_relevanssi_related_posts":"6577,5315,6753,4463,5953,6559","_relevanssi_noindex_reason":"","footnotes":""},"categories":[15],"tags":[],"class_list":["post-8593","post","type-post","status-publish","format-standard","hentry","category-event"],"acf":[],"yoast_head":"<!-- This site is optimized with the Yoast SEO plugin v27.5 - https:\/\/yoast.com\/product\/yoast-seo-wordpress\/ -->\n<title>Novotek har firat 35 \u00e5r! (ett \u00e5r sent) - Novotek Sverige AB<\/title>\n<meta name=\"description\" content=\"F\u00f6r ungef\u00e4r tv\u00e5 veckor sedan var det \u00e4ntligen dags f\u00f6r Novotek att fira ett f\u00f6rsenat 35-\u00e5rs jubileum i Malm\u00f6.\" \/>\n<meta name=\"robots\" content=\"index, follow, max-snippet:-1, max-image-preview:large, max-video-preview:-1\" \/>\n<link rel=\"canonical\" href=\"https:\/\/www.novotek.com\/se\/nyheter\/novotek-firar-35-ar\/\" \/>\n<meta property=\"og:locale\" content=\"sv_SE\" \/>\n<meta property=\"og:type\" content=\"article\" \/>\n<meta property=\"og:title\" content=\"Novotek har firat 35 \u00e5r! (ett \u00e5r sent) - Novotek Sverige AB\" \/>\n<meta property=\"og:description\" content=\"F\u00f6r ungef\u00e4r tv\u00e5 veckor sedan var det \u00e4ntligen dags f\u00f6r Novotek att fira ett f\u00f6rsenat 35-\u00e5rs jubileum i Malm\u00f6.\" \/>\n<meta property=\"og:url\" content=\"https:\/\/www.novotek.com\/se\/nyheter\/novotek-firar-35-ar\/\" \/>\n<meta property=\"og:site_name\" content=\"Novotek Sverige AB\" \/>\n<meta property=\"article:published_time\" content=\"2022-10-10T12:40:12+00:00\" \/>\n<meta property=\"article:modified_time\" content=\"2025-11-18T20:10:24+00:00\" \/>\n<meta property=\"og:image\" content=\"https:\/\/www.novotek.com\/se\/wp-content\/uploads\/sites\/2\/Novotek-Sverige-scaled.jpg\" \/>\n\t<meta property=\"og:image:width\" content=\"2560\" \/>\n\t<meta property=\"og:image:height\" content=\"1786\" \/>\n\t<meta property=\"og:image:type\" content=\"image\/jpeg\" \/>\n<meta name=\"author\" content=\"amandaagren\" \/>\n<meta name=\"twitter:card\" content=\"summary_large_image\" \/>\n<meta name=\"twitter:label1\" content=\"Skriven av\" \/>\n\t<meta name=\"twitter:data1\" content=\"amandaagren\" \/>\n\t<meta name=\"twitter:label2\" content=\"Ber\u00e4knad l\u00e4stid\" \/>\n\t<meta name=\"twitter:data2\" content=\"2 minuter\" \/>\n<script type=\"application\/ld+json\" class=\"yoast-schema-graph\">{\"@context\":\"https:\\\/\\\/schema.org\",\"@graph\":[{\"@type\":\"Article\",\"@id\":\"https:\\\/\\\/www.novotek.com\\\/se\\\/nyheter\\\/novotek-firar-35-ar\\\/#article\",\"isPartOf\":{\"@id\":\"https:\\\/\\\/www.novotek.com\\\/se\\\/nyheter\\\/novotek-firar-35-ar\\\/\"},\"author\":{\"name\":\"amandaagren\",\"@id\":\"https:\\\/\\\/www.novotek.com\\\/se\\\/#\\\/schema\\\/person\\\/d819bb4dc12ae0b19cf842d0bbfe8177\"},\"headline\":\"Novotek har firat 35 \u00e5r! (ett \u00e5r sent)\",\"datePublished\":\"2022-10-10T12:40:12+00:00\",\"dateModified\":\"2025-11-18T20:10:24+00:00\",\"mainEntityOfPage\":{\"@id\":\"https:\\\/\\\/www.novotek.com\\\/se\\\/nyheter\\\/novotek-firar-35-ar\\\/\"},\"wordCount\":253,\"commentCount\":0,\"image\":{\"@id\":\"https:\\\/\\\/www.novotek.com\\\/se\\\/nyheter\\\/novotek-firar-35-ar\\\/#primaryimage\"},\"thumbnailUrl\":\"https:\\\/\\\/www.novotek.com\\\/se\\\/wp-content\\\/uploads\\\/sites\\\/2\\\/sites\\\/2\\\/Novotek-Sverige-1024x714.jpg\",\"articleSection\":[\"Event\"],\"inLanguage\":\"sv-SE\"},{\"@type\":\"WebPage\",\"@id\":\"https:\\\/\\\/www.novotek.com\\\/se\\\/nyheter\\\/novotek-firar-35-ar\\\/\",\"url\":\"https:\\\/\\\/www.novotek.com\\\/se\\\/nyheter\\\/novotek-firar-35-ar\\\/\",\"name\":\"Novotek har firat 35 \u00e5r! (ett \u00e5r sent) - Novotek Sverige AB\",\"isPartOf\":{\"@id\":\"https:\\\/\\\/www.novotek.com\\\/se\\\/#website\"},\"primaryImageOfPage\":{\"@id\":\"https:\\\/\\\/www.novotek.com\\\/se\\\/nyheter\\\/novotek-firar-35-ar\\\/#primaryimage\"},\"image\":{\"@id\":\"https:\\\/\\\/www.novotek.com\\\/se\\\/nyheter\\\/novotek-firar-35-ar\\\/#primaryimage\"},\"thumbnailUrl\":\"https:\\\/\\\/www.novotek.com\\\/se\\\/wp-content\\\/uploads\\\/sites\\\/2\\\/sites\\\/2\\\/Novotek-Sverige-1024x714.jpg\",\"datePublished\":\"2022-10-10T12:40:12+00:00\",\"dateModified\":\"2025-11-18T20:10:24+00:00\",\"author\":{\"@id\":\"https:\\\/\\\/www.novotek.com\\\/se\\\/#\\\/schema\\\/person\\\/d819bb4dc12ae0b19cf842d0bbfe8177\"},\"description\":\"F\u00f6r ungef\u00e4r tv\u00e5 veckor sedan var det \u00e4ntligen dags f\u00f6r Novotek att fira ett f\u00f6rsenat 35-\u00e5rs jubileum i Malm\u00f6.\",\"breadcrumb\":{\"@id\":\"https:\\\/\\\/www.novotek.com\\\/se\\\/nyheter\\\/novotek-firar-35-ar\\\/#breadcrumb\"},\"inLanguage\":\"sv-SE\",\"potentialAction\":[{\"@type\":\"ReadAction\",\"target\":[\"https:\\\/\\\/www.novotek.com\\\/se\\\/nyheter\\\/novotek-firar-35-ar\\\/\"]}]},{\"@type\":\"ImageObject\",\"inLanguage\":\"sv-SE\",\"@id\":\"https:\\\/\\\/www.novotek.com\\\/se\\\/nyheter\\\/novotek-firar-35-ar\\\/#primaryimage\",\"url\":\"https:\\\/\\\/www.novotek.com\\\/se\\\/wp-content\\\/uploads\\\/sites\\\/2\\\/sites\\\/2\\\/Novotek-Sverige-1024x714.jpg\",\"contentUrl\":\"https:\\\/\\\/www.novotek.com\\\/se\\\/wp-content\\\/uploads\\\/sites\\\/2\\\/sites\\\/2\\\/Novotek-Sverige-1024x714.jpg\"},{\"@type\":\"BreadcrumbList\",\"@id\":\"https:\\\/\\\/www.novotek.com\\\/se\\\/nyheter\\\/novotek-firar-35-ar\\\/#breadcrumb\",\"itemListElement\":[{\"@type\":\"ListItem\",\"position\":1,\"name\":\"Home\",\"item\":\"https:\\\/\\\/www.novotek.com\\\/se\\\/\"},{\"@type\":\"ListItem\",\"position\":2,\"name\":\"Novotek har firat 35 \u00e5r! (ett \u00e5r sent)\"}]},{\"@type\":\"WebSite\",\"@id\":\"https:\\\/\\\/www.novotek.com\\\/se\\\/#website\",\"url\":\"https:\\\/\\\/www.novotek.com\\\/se\\\/\",\"name\":\"Novotek Sverige AB\",\"description\":\"Connect - Digitalize - Optimize\",\"potentialAction\":[{\"@type\":\"SearchAction\",\"target\":{\"@type\":\"EntryPoint\",\"urlTemplate\":\"https:\\\/\\\/www.novotek.com\\\/se\\\/?s={search_term_string}\"},\"query-input\":{\"@type\":\"PropertyValueSpecification\",\"valueRequired\":true,\"valueName\":\"search_term_string\"}}],\"inLanguage\":\"sv-SE\"},{\"@type\":\"Person\",\"@id\":\"https:\\\/\\\/www.novotek.com\\\/se\\\/#\\\/schema\\\/person\\\/d819bb4dc12ae0b19cf842d0bbfe8177\",\"name\":\"amandaagren\",\"image\":{\"@type\":\"ImageObject\",\"inLanguage\":\"sv-SE\",\"@id\":\"https:\\\/\\\/secure.gravatar.com\\\/avatar\\\/0467c5c6cd099daa9d79764d465d69ebc55c91e951510b0ad22d3abce03ab8c8?s=96&d=mm&r=g\",\"url\":\"https:\\\/\\\/secure.gravatar.com\\\/avatar\\\/0467c5c6cd099daa9d79764d465d69ebc55c91e951510b0ad22d3abce03ab8c8?s=96&d=mm&r=g\",\"contentUrl\":\"https:\\\/\\\/secure.gravatar.com\\\/avatar\\\/0467c5c6cd099daa9d79764d465d69ebc55c91e951510b0ad22d3abce03ab8c8?s=96&d=mm&r=g\",\"caption\":\"amandaagren\"},\"url\":\"https:\\\/\\\/www.novotek.com\\\/se\\\/nyheter\\\/author\\\/amandaagren\\\/\"}]}<\/script>\n<!-- \/ Yoast SEO plugin. -->","yoast_head_json":{"title":"Novotek har firat 35 \u00e5r! (ett \u00e5r sent) - Novotek Sverige AB","description":"F\u00f6r ungef\u00e4r tv\u00e5 veckor sedan var det \u00e4ntligen dags f\u00f6r Novotek att fira ett f\u00f6rsenat 35-\u00e5rs jubileum i Malm\u00f6.","robots":{"index":"index","follow":"follow","max-snippet":"max-snippet:-1","max-image-preview":"max-image-preview:large","max-video-preview":"max-video-preview:-1"},"canonical":"https:\/\/www.novotek.com\/se\/nyheter\/novotek-firar-35-ar\/","og_locale":"sv_SE","og_type":"article","og_title":"Novotek har firat 35 \u00e5r! (ett \u00e5r sent) - Novotek Sverige AB","og_description":"F\u00f6r ungef\u00e4r tv\u00e5 veckor sedan var det \u00e4ntligen dags f\u00f6r Novotek att fira ett f\u00f6rsenat 35-\u00e5rs jubileum i Malm\u00f6.","og_url":"https:\/\/www.novotek.com\/se\/nyheter\/novotek-firar-35-ar\/","og_site_name":"Novotek Sverige AB","article_published_time":"2022-10-10T12:40:12+00:00","article_modified_time":"2025-11-18T20:10:24+00:00","og_image":[{"width":2560,"height":1786,"url":"https:\/\/www.novotek.com\/se\/wp-content\/uploads\/sites\/2\/Novotek-Sverige-scaled.jpg","type":"image\/jpeg"}],"author":"amandaagren","twitter_card":"summary_large_image","twitter_misc":{"Skriven av":"amandaagren","Ber\u00e4knad l\u00e4stid":"2 minuter"},"schema":{"@context":"https:\/\/schema.org","@graph":[{"@type":"Article","@id":"https:\/\/www.novotek.com\/se\/nyheter\/novotek-firar-35-ar\/#article","isPartOf":{"@id":"https:\/\/www.novotek.com\/se\/nyheter\/novotek-firar-35-ar\/"},"author":{"name":"amandaagren","@id":"https:\/\/www.novotek.com\/se\/#\/schema\/person\/d819bb4dc12ae0b19cf842d0bbfe8177"},"headline":"Novotek har firat 35 \u00e5r! (ett \u00e5r sent)","datePublished":"2022-10-10T12:40:12+00:00","dateModified":"2025-11-18T20:10:24+00:00","mainEntityOfPage":{"@id":"https:\/\/www.novotek.com\/se\/nyheter\/novotek-firar-35-ar\/"},"wordCount":253,"commentCount":0,"image":{"@id":"https:\/\/www.novotek.com\/se\/nyheter\/novotek-firar-35-ar\/#primaryimage"},"thumbnailUrl":"https:\/\/www.novotek.com\/se\/wp-content\/uploads\/sites\/2\/sites\/2\/Novotek-Sverige-1024x714.jpg","articleSection":["Event"],"inLanguage":"sv-SE"},{"@type":"WebPage","@id":"https:\/\/www.novotek.com\/se\/nyheter\/novotek-firar-35-ar\/","url":"https:\/\/www.novotek.com\/se\/nyheter\/novotek-firar-35-ar\/","name":"Novotek har firat 35 \u00e5r! (ett \u00e5r sent) - Novotek Sverige AB","isPartOf":{"@id":"https:\/\/www.novotek.com\/se\/#website"},"primaryImageOfPage":{"@id":"https:\/\/www.novotek.com\/se\/nyheter\/novotek-firar-35-ar\/#primaryimage"},"image":{"@id":"https:\/\/www.novotek.com\/se\/nyheter\/novotek-firar-35-ar\/#primaryimage"},"thumbnailUrl":"https:\/\/www.novotek.com\/se\/wp-content\/uploads\/sites\/2\/sites\/2\/Novotek-Sverige-1024x714.jpg","datePublished":"2022-10-10T12:40:12+00:00","dateModified":"2025-11-18T20:10:24+00:00","author":{"@id":"https:\/\/www.novotek.com\/se\/#\/schema\/person\/d819bb4dc12ae0b19cf842d0bbfe8177"},"description":"F\u00f6r ungef\u00e4r tv\u00e5 veckor sedan var det \u00e4ntligen dags f\u00f6r Novotek att fira ett f\u00f6rsenat 35-\u00e5rs jubileum i Malm\u00f6.","breadcrumb":{"@id":"https:\/\/www.novotek.com\/se\/nyheter\/novotek-firar-35-ar\/#breadcrumb"},"inLanguage":"sv-SE","potentialAction":[{"@type":"ReadAction","target":["https:\/\/www.novotek.com\/se\/nyheter\/novotek-firar-35-ar\/"]}]},{"@type":"ImageObject","inLanguage":"sv-SE","@id":"https:\/\/www.novotek.com\/se\/nyheter\/novotek-firar-35-ar\/#primaryimage","url":"https:\/\/www.novotek.com\/se\/wp-content\/uploads\/sites\/2\/sites\/2\/Novotek-Sverige-1024x714.jpg","contentUrl":"https:\/\/www.novotek.com\/se\/wp-content\/uploads\/sites\/2\/sites\/2\/Novotek-Sverige-1024x714.jpg"},{"@type":"BreadcrumbList","@id":"https:\/\/www.novotek.com\/se\/nyheter\/novotek-firar-35-ar\/#breadcrumb","itemListElement":[{"@type":"ListItem","position":1,"name":"Home","item":"https:\/\/www.novotek.com\/se\/"},{"@type":"ListItem","position":2,"name":"Novotek har firat 35 \u00e5r! (ett \u00e5r sent)"}]},{"@type":"WebSite","@id":"https:\/\/www.novotek.com\/se\/#website","url":"https:\/\/www.novotek.com\/se\/","name":"Novotek Sverige AB","description":"Connect - Digitalize - Optimize","potentialAction":[{"@type":"SearchAction","target":{"@type":"EntryPoint","urlTemplate":"https:\/\/www.novotek.com\/se\/?s={search_term_string}"},"query-input":{"@type":"PropertyValueSpecification","valueRequired":true,"valueName":"search_term_string"}}],"inLanguage":"sv-SE"},{"@type":"Person","@id":"https:\/\/www.novotek.com\/se\/#\/schema\/person\/d819bb4dc12ae0b19cf842d0bbfe8177","name":"amandaagren","image":{"@type":"ImageObject","inLanguage":"sv-SE","@id":"https:\/\/secure.gravatar.com\/avatar\/0467c5c6cd099daa9d79764d465d69ebc55c91e951510b0ad22d3abce03ab8c8?s=96&d=mm&r=g","url":"https:\/\/secure.gravatar.com\/avatar\/0467c5c6cd099daa9d79764d465d69ebc55c91e951510b0ad22d3abce03ab8c8?s=96&d=mm&r=g","contentUrl":"https:\/\/secure.gravatar.com\/avatar\/0467c5c6cd099daa9d79764d465d69ebc55c91e951510b0ad22d3abce03ab8c8?s=96&d=mm&r=g","caption":"amandaagren"},"url":"https:\/\/www.novotek.com\/se\/nyheter\/author\/amandaagren\/"}]}},"_links":{"self":[{"href":"https:\/\/www.novotek.com\/se\/wp-json\/wp\/v2\/posts\/8593","targetHints":{"allow":["GET"]}}],"collection":[{"href":"https:\/\/www.novotek.com\/se\/wp-json\/wp\/v2\/posts"}],"about":[{"href":"https:\/\/www.novotek.com\/se\/wp-json\/wp\/v2\/types\/post"}],"author":[{"embeddable":true,"href":"https:\/\/www.novotek.com\/se\/wp-json\/wp\/v2\/users\/34"}],"replies":[{"embeddable":true,"href":"https:\/\/www.novotek.com\/se\/wp-json\/wp\/v2\/comments?post=8593"}],"version-history":[{"count":8,"href":"https:\/\/www.novotek.com\/se\/wp-json\/wp\/v2\/posts\/8593\/revisions"}],"predecessor-version":[{"id":19978,"href":"https:\/\/www.novotek.com\/se\/wp-json\/wp\/v2\/posts\/8593\/revisions\/19978"}],"wp:attachment":[{"href":"https:\/\/www.novotek.com\/se\/wp-json\/wp\/v2\/media?parent=8593"}],"wp:term":[{"taxonomy":"category","embeddable":true,"href":"https:\/\/www.novotek.com\/se\/wp-json\/wp\/v2\/categories?post=8593"},{"taxonomy":"post_tag","embeddable":true,"href":"https:\/\/www.novotek.com\/se\/wp-json\/wp\/v2\/tags?post=8593"}],"curies":[{"name":"wp","href":"https:\/\/api.w.org\/{rel}","templated":true}]}}